{"id":29686,"date":"2021-07-13T15:04:33","date_gmt":"2021-07-13T20:04:33","guid":{"rendered":"http:\/\/www.zonaroja.com.mx\/?p=29686"},"modified":"2021-07-13T15:04:35","modified_gmt":"2021-07-13T20:04:35","slug":"para-labores-personal-sindicalizado-en-tlacolula-hay-dos-muertes-por-covid","status":"publish","type":"post","link":"https:\/\/zonaroja.com.mx\/?p=29686","title":{"rendered":"Para labores personal sindicalizado en Tlacolula; hay dos muertes por Covid"},"content":{"rendered":"\n<p>Evlin Arag\u00f3n\/Zona Roja.<\/p>\n\n\n\n<p>Oaxaca de Ju\u00e1rez, Oax., 13 de julio de 2021.- Personal sindicalizado del ayuntamiento de Tlacolula de Matamoros, Oaxaca, anunci\u00f3 un paro de labores a partir de este martes, 13 de julio, debido al recientemente fallecimiento de dos personas adscritas a la gremial, a consecuencia, presuntamente, del virus SARS-CoV-2.&nbsp;<\/p>\n\n\n\n<p>\u201cA la ciudadan\u00eda en general se les informa que debido al sensible fallecimiento de dos de nuestros compa\u00f1eros del Sindicato de Trabajadores al Servicio del Ayuntamiento, comunicamos que el d\u00eda martes 13 de julio se iniciar\u00e1 una suspensi\u00f3n total de labores\u201d, refirieron en un breve comunicado.&nbsp;<\/p>\n\n\n\n<p>A trav\u00e9s de las redes sociales, evidenciaron que fueron cuatro trabajadores adscritos al servicio de limpia en la localidad, quienes lamentablemente resultaron contagiados de coronavirus; dos de ellos fallecieron y dos m\u00e1s se encuentran delicados de salud.&nbsp;<\/p>\n\n\n\n<p>Lamentaron la falta de equipo de protecci\u00f3n para realizar sus labores diarias, toda vez que la autoridad municipal encabezada por Carlos Le\u00f3n Monterrubio no les dot\u00f3 siquiera de cubrebocas, gel y material sanitizante para evitar el contagio de Covid-19.&nbsp;<\/p>\n\n\n\n<p>Por lo anterior, decidieron parar labores, a partir de este martes y hasta nuevo aviso, en las \u00e1reas de recolecci\u00f3n de basura, agua potable, barrenderos, administrativos y panteones, en las cuales se encuentra adscrito el personal de base.&nbsp;<\/p>\n\n\n\n<p>\u201cEsto debido a que por parte de la autoridad actual no se nos ha otorgado el material necesario y eficiente para laborar frente a esta tercera ola de contingencia. Agradecemos el apoyo y comprensi\u00f3n de la ciudadan\u00eda\u201d, sentenciaron.<\/p>\n\n\n\n<p>En la entidad oaxaque\u00f1a, es la regi\u00f3n de Valles Centrales la que cuenta con un mayor n\u00famero de contagios, actualmente reporta 328 casos activos y un 28.3 por ciento de ocupaci\u00f3n hospitalaria, de acuerdo con cifras de los Servicios de Salud.<\/p>\n\n\n\n<p>La dependencia report\u00f3 este lunes 12 de julio, 33 mil 115 casos confirmados en lo que va de la pandemia en la regi\u00f3n, as\u00ed como mil 920 defunciones.<\/p>\n\n\n\n<p>Aunque Tlacolula de Matamoros a\u00fan no aparece en los municipios que han registrado casos actualmente, los dichos de personal sindicalizado del ayuntamiento ponen en alerta a la poblaci\u00f3n, no as\u00ed a su autoridad que no se ha pronunciado al respecto.&nbsp;<\/p>\n","protected":false},"excerpt":{"rendered":"<p>Evlin Arag\u00f3n\/Zona Roja. Oaxaca de Ju\u00e1rez, Oax., 13 de julio de 2021.- Personal sindicalizado del&hellip;<\/p>\n","protected":false},"author":2,"featured_media":29687,"comment_status":"closed","ping_status":"open","sticky":false,"template":"","format":"standard","meta":{"_lmt_disableupdate":"","_lmt_disable":"","_jetpack_memberships_contains_paid_content":false,"footnotes":""},"categories":[109,47],"tags":[127],"class_list":["post-29686","post","type-post","status-publish","format-standard","has-post-thumbnail","hentry","category-minuto-a-minuto","category-zona-gris","tag-tlacolula-de-matamoros"],"jetpack_featured_media_url":"https:\/\/zonaroja.com.mx\/wp-content\/uploads\/2021\/07\/Protesta-trabajadores-Tlacolula.jpg","jetpack_sharing_enabled":true,"_links":{"self":[{"href":"https:\/\/zonaroja.com.mx\/index.php?rest_route=\/wp\/v2\/posts\/29686","targetHints":{"allow":["GET"]}}],"collection":[{"href":"https:\/\/zonaroja.com.mx\/index.php?rest_route=\/wp\/v2\/posts"}],"about":[{"href":"https:\/\/zonaroja.com.mx\/index.php?rest_route=\/wp\/v2\/types\/post"}],"author":[{"embeddable":true,"href":"https:\/\/zonaroja.com.mx\/index.php?rest_route=\/wp\/v2\/users\/2"}],"replies":[{"embeddable":true,"href":"https:\/\/zonaroja.com.mx\/index.php?rest_route=%2Fwp%2Fv2%2Fcomments&post=29686"}],"version-history":[{"count":1,"href":"https:\/\/zonaroja.com.mx\/index.php?rest_route=\/wp\/v2\/posts\/29686\/revisions"}],"predecessor-version":[{"id":29688,"href":"https:\/\/zonaroja.com.mx\/index.php?rest_route=\/wp\/v2\/posts\/29686\/revisions\/29688"}],"wp:featuredmedia":[{"embeddable":true,"href":"https:\/\/zonaroja.com.mx\/index.php?rest_route=\/wp\/v2\/media\/29687"}],"wp:attachment":[{"href":"https:\/\/zonaroja.com.mx\/index.php?rest_route=%2Fwp%2Fv2%2Fmedia&parent=29686"}],"wp:term":[{"taxonomy":"category","embeddable":true,"href":"https:\/\/zonaroja.com.mx\/index.php?rest_route=%2Fwp%2Fv2%2Fcategories&post=29686"},{"taxonomy":"post_tag","embeddable":true,"href":"https:\/\/zonaroja.com.mx\/index.php?rest_route=%2Fwp%2Fv2%2Ftags&post=29686"}],"curies":[{"name":"wp","href":"https:\/\/api.w.org\/{rel}","templated":true}]}}