{"id":29692,"date":"2021-07-13T15:53:44","date_gmt":"2021-07-13T20:53:44","guid":{"rendered":"https:\/\/www.zonaroja.com.mx\/?p=29692"},"modified":"2021-07-13T15:55:01","modified_gmt":"2021-07-13T20:55:01","slug":"faltan-3-anos-de-gobierno-a-amlo-y-ebrard-ya-se-destapa-como-candidato","status":"publish","type":"post","link":"https:\/\/zonaroja.com.mx\/?p=29692","title":{"rendered":"Faltan 3 a\u00f1os de gobierno a AMLO y Ebrard ya se \u201cdestapa\u201d como candidato"},"content":{"rendered":"\n<p class=\"MsoNormal\">Redacci\u00f3n\/Zona Roja Cdmx.<\/p>\n\n\n\n<p class=\"MsoNormal\">Ciudad de M\u00e9xico, 13 de julio de 2021.- El secretario de Relaciones Exteriores, Marcelo Ebrard Casaub\u00f3n, confirm\u00f3&nbsp;este martes&nbsp;su intenci\u00f3n de ir por la Presidencia de la Rep\u00fablica y agradeci\u00f3 al presidente Andr\u00e9s Manuel L\u00f3pez Obrador por mencionarlo entre quienes podr\u00edan ser candidatos en las pr\u00f3ximas elecciones.<\/p>\n\n\n\n<p class=\"MsoNormal\">Ebrard confirm\u00f3 la ma\u00f1ana de&nbsp;este marteshaber tratado el tema durante un reciente encuentro con colaboradores y amigos.<\/p>\n\n\n\n<p class=\"MsoNormal\">Seg\u00fan inform\u00f3 m\u00e1s temprano el diario \u201cMilenio\u201d, Ebrard Casaubon sostuvo el fin de semana una reuni\u00f3n privada con sus colaboradores y amigos en Toluca, en donde hubo destape y espaldarazo de funcionarios de la Secretar\u00eda de Relaciones Exteriores y equipo cercano del canciller.<\/p>\n\n\n\n<p class=\"MsoNormal\">\u201cEn primer lugar hay que agradecer que el Presidente nos tome en cuenta; segundo lugar, faltan dos a\u00f1os y medio, dediqu\u00e9monos a trabajar, seamos eficientes, respetemos a los dem\u00e1s, actuemos en funci\u00f3n de eso, no perdamos la concentraci\u00f3n en lo que estamos haciendo, seamos consistentes, perseverantes y leales. Y por supuesto que cuando eso llegue estemos preparados para participar\u201d, dijo desde Palacio Nacional.<\/p>\n\n\n\n<p class=\"MsoNormal\">\u201cVamos a seguir actuando con eficiencia\u201d, dijo el canciller en la habitual conferencia matutina del Presidente.<\/p>\n\n\n\n<p class=\"MsoNormal\">Por su parte L\u00f3pez Obrador, quien semanas atr\u00e1s cit\u00f3 a Ebrard y a la jefa de Gobierno de la Ciudad de M\u00e9xico, Claudia Sheinbaum, como potenciales aspirantes presidenciales por el partido Morena, se\u00f1al\u00f3 en la misma conferencia que sus colaboradores son libres para desarrollar sus carreras pol\u00edticas.<\/p>\n\n\n\n<p class=\"MsoNormal\">Al ser cuestionado sobre si le incomoda el destape de sus colaboradores, respondi\u00f3 que \u00abno\u00bb, y pidi\u00f3 a los miembros de su gabinete que cumplan con su funci\u00f3n, sus responsabilidades, que tengan como objetivo superior la transformaci\u00f3n de M\u00e9xico y el bienestar del pueblo.<\/p>\n\n\n\n<p class=\"MsoNormal\">A inicio de mes el primer mandatario se\u00f1al\u00f3 que son much\u00edsimos los funcionarios que podr\u00edan sustituirlo y mencion\u00f3 sobre el relevo generacional a la jefa de gobierno, Claudia Sheinbaum, el canciller, el embajador, Esteban Moctezuma, la secretaria de Econom\u00eda, Tatiana Clouthier, la titular de Energ\u00eda, Roc\u00edo Nahle y Juan Ram\u00f3n de la Fuente.<\/p>\n\n\n\n<p class=\"MsoNormal\">Ebrard, especialista de administraci\u00f3n p\u00fablica, de 61 a\u00f1os, ha desempe\u00f1ado un rol protag\u00f3nico en la gesti\u00f3n de las vacunas contra el Covid-19 en el pa\u00eds.<\/p>\n\n\n\n<p class=\"MsoNormal\">No obstante, la aprobaci\u00f3n Ebrard y Sheinbaum cay\u00f3 unos 10 puntos en promedio tras el accidente de la L\u00ednea 12 del Metro de la Ciudad de M\u00e9xico, que dej\u00f3 26 muertos el pasado 3 de mayo, seg\u00fan sondeos de la prensa local.<\/p>\n\n\n\n<p class=\"MsoNormal\">La L\u00ednea del Metro donde ocurri\u00f3 el siniestro fue construida durante la administraci\u00f3n de Ebrard en la capital (2006-2012).<\/p>\n\n\n\n<p class=\"MsoNormal\">Pese al retroceso, otra encuesta realizada en junio sigui\u00f3 colocando a Ebrard y a Sheinbaum como los pol\u00edticos con m\u00e1s posibilidades de llegar a la presidencia en 2024, considerando todos los partidos.<\/p>\n\n\n\n<p class=\"MsoNormal\">El canciller ya hab\u00eda buscado en 2012 ser candidato presidencial, entonces como militante del Partido de la Revoluci\u00f3n Democr\u00e1tica (PRD), pero una encuesta favoreci\u00f3 a L\u00f3pez Obrador para una segunda aspiraci\u00f3n.<\/p>\n\n\n\n<p class=\"MsoNormal\">(Con informaci\u00f3n de AFP y \u201cEl Economista\u201d)<\/p>\n","protected":false},"excerpt":{"rendered":"<p>Redacci\u00f3n\/Zona Roja Cdmx. Ciudad de M\u00e9xico, 13 de julio de 2021.- El secretario de Relaciones&hellip;<\/p>\n","protected":false},"author":2,"featured_media":29691,"comment_status":"closed","ping_status":"open","sticky":false,"template":"","format":"standard","meta":{"_lmt_disableupdate":"","_lmt_disable":"","_jetpack_memberships_contains_paid_content":false,"footnotes":""},"categories":[109,46],"tags":[889],"class_list":["post-29692","post","type-post","status-publish","format-standard","has-post-thumbnail","hentry","category-minuto-a-minuto","category-zona-blanca","tag-marcelo-ebrard"],"jetpack_featured_media_url":"https:\/\/zonaroja.com.mx\/wp-content\/uploads\/2021\/07\/img_5456.jpg","jetpack_sharing_enabled":true,"_links":{"self":[{"href":"https:\/\/zonaroja.com.mx\/index.php?rest_route=\/wp\/v2\/posts\/29692","targetHints":{"allow":["GET"]}}],"collection":[{"href":"https:\/\/zonaroja.com.mx\/index.php?rest_route=\/wp\/v2\/posts"}],"about":[{"href":"https:\/\/zonaroja.com.mx\/index.php?rest_route=\/wp\/v2\/types\/post"}],"author":[{"embeddable":true,"href":"https:\/\/zonaroja.com.mx\/index.php?rest_route=\/wp\/v2\/users\/2"}],"replies":[{"embeddable":true,"href":"https:\/\/zonaroja.com.mx\/index.php?rest_route=%2Fwp%2Fv2%2Fcomments&post=29692"}],"version-history":[{"count":1,"href":"https:\/\/zonaroja.com.mx\/index.php?rest_route=\/wp\/v2\/posts\/29692\/revisions"}],"predecessor-version":[{"id":29693,"href":"https:\/\/zonaroja.com.mx\/index.php?rest_route=\/wp\/v2\/posts\/29692\/revisions\/29693"}],"wp:featuredmedia":[{"embeddable":true,"href":"https:\/\/zonaroja.com.mx\/index.php?rest_route=\/wp\/v2\/media\/29691"}],"wp:attachment":[{"href":"https:\/\/zonaroja.com.mx\/index.php?rest_route=%2Fwp%2Fv2%2Fmedia&parent=29692"}],"wp:term":[{"taxonomy":"category","embeddable":true,"href":"https:\/\/zonaroja.com.mx\/index.php?rest_route=%2Fwp%2Fv2%2Fcategories&post=29692"},{"taxonomy":"post_tag","embeddable":true,"href":"https:\/\/zonaroja.com.mx\/index.php?rest_route=%2Fwp%2Fv2%2Ftags&post=29692"}],"curies":[{"name":"wp","href":"https:\/\/api.w.org\/{rel}","templated":true}]}}