{"id":29695,"date":"2021-07-13T18:01:39","date_gmt":"2021-07-13T23:01:39","guid":{"rendered":"http:\/\/www.zonaroja.com.mx\/?p=29695"},"modified":"2021-07-13T18:01:42","modified_gmt":"2021-07-13T23:01:42","slug":"por-segundo-dia-protestan-y-bloquean-por-conflicto-sindical-en-cea","status":"publish","type":"post","link":"https:\/\/zonaroja.com.mx\/?p=29695","title":{"rendered":"Por segundo d\u00eda, protestan y bloquean por conflicto sindical en CEA"},"content":{"rendered":"\n<p>Evlin Arag\u00f3n\/Zona Roja.<\/p>\n\n\n\n<p>Oaxaca de Ju\u00e1rez, Oax., 13 de julio de 2021.- Por segundo d\u00eda consecutivo, integrantes del Sindicato de la Comisi\u00f3n Estatal del Agua y de Actividades Similares y Conexas, se manifestaron a las afueras de la Junta Local de Conciliaci\u00f3n y Arbitraje en la capital e impidieron, de manera total, la circulaci\u00f3n vehicular en la zona.&nbsp;<\/p>\n\n\n\n<p>Lo anterior debido a un conflicto al interno de la gremial, toda vez que exigen la ratificaci\u00f3n de un laudo emitido por la Junta Especial 4Bis, el que se declara la nulidad de la Asamblea General realizada el 12 de julio del 2016, donde result\u00f3 electo Francisco Escobar Cort\u00e9s, como secretario general.&nbsp;<\/p>\n\n\n\n<p>Y es que, de acuerdo con Irma Roc\u00edo Aquino Garc\u00eda, representante sindical, dicha asamblea se trat\u00f3 de una simulaci\u00f3n, toda vez que se falsificaron firmas y se report\u00f3 la participaci\u00f3n de personal que ya no se encontraban en activo, es m\u00e1s algunas personas ya hab\u00edan fallecido.<\/p>\n\n\n\n<p>\u201cYa se comprob\u00f3 la falsificaci\u00f3n de firmas, ya se comprob\u00f3 que en la segunda toma de nota que ellos tienen levantaron muertos y la junta hace caso omiso a lo que nosotros le estamos presentando\u201d, dijo en un breve encuentro con medios de comunicaci\u00f3n.\u00a0<\/p>\n\n\n\n<figure class=\"wp-block-embed-twitter wp-block-embed is-type-rich is-provider-twitter\"><div class=\"wp-block-embed__wrapper\">\n<div class=\"twitter-tweet\"><blockquote class=\"twitter-tweet\" data-lang=\"es\"><p lang=\"es\" dir=\"ltr\"><a href=\"https:\/\/twitter.com\/hashtag\/%C3%9AltimoMinuto?src=hash&amp;ref_src=twsrc%5Etfw\">#\u00daltimoMinuto<\/a> <br>Por segundo d\u00eda consecutivo, trabajadores de la <a href=\"https:\/\/twitter.com\/CEA_GobOax?ref_src=twsrc%5Etfw\">@CEA_GobOax<\/a> protestan en la sede de la Junta Local de Conciliaci\u00f3n y Arbitraje y bloquean el bulevar Eduardo Vasconcelos de la capital. <br>La instancia a cargo de la <a href=\"https:\/\/twitter.com\/SEGEGO_GobOax?ref_src=twsrc%5Etfw\">@SEGEGO_GobOax<\/a> se niega a atender su petici\u00f3n. <a href=\"https:\/\/t.co\/ofcDn7RbvL\">pic.twitter.com\/ofcDn7RbvL<\/a><\/p>&mdash; Zona Roja Oaxaca (@Zona_Roja_Oax) <a href=\"https:\/\/twitter.com\/Zona_Roja_Oax\/status\/1415023368517128197?ref_src=twsrc%5Etfw\">13 de julio de 2021<\/a><\/blockquote><\/div>\n<\/div><\/figure>\n\n\n\n<p>Explic\u00f3 que fue luego de un robo de documentos, cuando un grupo de al menos 50 trabajadores form\u00f3 una nueva dirigencia sindical, quien ha estado impidiendo que los trabajos al interior de la dependencia se lleven a cabo en tiempo y forma, ello en perjuicio de la ciudadan\u00eda.&nbsp;<\/p>\n\n\n\n<p>\u201cEs la dirigencia espuria, que no ha llevado a cabo ninguna asamblea sindical, la responsable de que la ciudadan\u00eda no cuente con el servicio de agua potable\u201d, refiri\u00f3.<\/p>\n\n\n\n<p>Por lo anterior, iniciaron un procedimiento ante la instancia encargada de defender los derechos laborales misma que, en enero pasado, emiti\u00f3 un laudo a su favor; sin embargo, la otra parte se ampar\u00f3 generando que no hayan hecho efectiva dicha resoluci\u00f3n.&nbsp;<\/p>\n\n\n\n<p>De ah\u00ed que han decidido emprender una serie de acciones de protesta para exigir la certificaci\u00f3n y cumplimiento la resoluci\u00f3n a su favor, de lo contrario mantendr\u00e1n sus protestas e incluso las intensificaran, toda vez que la dirigencia encabezada por Francisco Escobar es ilegal y no representa los intereses de la base trabajadora.&nbsp;&nbsp;<\/p>\n\n\n\n<p>Hasta el momento, la protesta por parte del personal sindicalizado ya se ha trasladado al interior del estado.&nbsp;&nbsp;<\/p>\n","protected":false},"excerpt":{"rendered":"<p>Evlin Arag\u00f3n\/Zona Roja. Oaxaca de Ju\u00e1rez, Oax., 13 de julio de 2021.- Por segundo d\u00eda&hellip;<\/p>\n","protected":false},"author":2,"featured_media":29696,"comment_status":"closed","ping_status":"open","sticky":false,"template":"","format":"standard","meta":{"_lmt_disableupdate":"","_lmt_disable":"","_jetpack_memberships_contains_paid_content":false,"footnotes":""},"categories":[109,47],"tags":[1929],"class_list":["post-29695","post","type-post","status-publish","format-standard","has-post-thumbnail","hentry","category-minuto-a-minuto","category-zona-gris","tag-comision-estatal-del-agua-cea"],"jetpack_featured_media_url":"https:\/\/zonaroja.com.mx\/wp-content\/uploads\/2021\/07\/Protesta-CEA-Conciliacion.jpg","jetpack_sharing_enabled":true,"_links":{"self":[{"href":"https:\/\/zonaroja.com.mx\/index.php?rest_route=\/wp\/v2\/posts\/29695","targetHints":{"allow":["GET"]}}],"collection":[{"href":"https:\/\/zonaroja.com.mx\/index.php?rest_route=\/wp\/v2\/posts"}],"about":[{"href":"https:\/\/zonaroja.com.mx\/index.php?rest_route=\/wp\/v2\/types\/post"}],"author":[{"embeddable":true,"href":"https:\/\/zonaroja.com.mx\/index.php?rest_route=\/wp\/v2\/users\/2"}],"replies":[{"embeddable":true,"href":"https:\/\/zonaroja.com.mx\/index.php?rest_route=%2Fwp%2Fv2%2Fcomments&post=29695"}],"version-history":[{"count":1,"href":"https:\/\/zonaroja.com.mx\/index.php?rest_route=\/wp\/v2\/posts\/29695\/revisions"}],"predecessor-version":[{"id":29697,"href":"https:\/\/zonaroja.com.mx\/index.php?rest_route=\/wp\/v2\/posts\/29695\/revisions\/29697"}],"wp:featuredmedia":[{"embeddable":true,"href":"https:\/\/zonaroja.com.mx\/index.php?rest_route=\/wp\/v2\/media\/29696"}],"wp:attachment":[{"href":"https:\/\/zonaroja.com.mx\/index.php?rest_route=%2Fwp%2Fv2%2Fmedia&parent=29695"}],"wp:term":[{"taxonomy":"category","embeddable":true,"href":"https:\/\/zonaroja.com.mx\/index.php?rest_route=%2Fwp%2Fv2%2Fcategories&post=29695"},{"taxonomy":"post_tag","embeddable":true,"href":"https:\/\/zonaroja.com.mx\/index.php?rest_route=%2Fwp%2Fv2%2Ftags&post=29695"}],"curies":[{"name":"wp","href":"https:\/\/api.w.org\/{rel}","templated":true}]}}