{"id":29698,"date":"2021-07-13T18:32:20","date_gmt":"2021-07-13T23:32:20","guid":{"rendered":"http:\/\/www.zonaroja.com.mx\/?p=29698"},"modified":"2021-07-13T18:32:22","modified_gmt":"2021-07-13T23:32:22","slug":"protestan-por-segundo-dia-maestros-estudiantes-atendidas-sus-demandas-ieepo","status":"publish","type":"post","link":"https:\/\/zonaroja.com.mx\/?p=29698","title":{"rendered":"Protestan por segundo d\u00eda maestros-estudiantes; atendidas sus demandas: IEEPO"},"content":{"rendered":"\n<p>Redacci\u00f3n\/Zona Roja.<\/p>\n\n\n\n<p>Oaxaca de Ju\u00e1rez, Oax., 13 de julio de 2021.- Por segundo d\u00eda consecutivo, maestros-alumnos de la Escuela Normal Superior Federal de Oaxaca (ENSFO), protestan en la entidad, ahora con bloqueo a la caseta de peaje de Huitzo, sobre la supercarretera Oaxaca-M\u00e9xico.<\/p>\n\n\n\n<p>Demandan una mesa de atenci\u00f3n con las autoridades educativas estatales y federales, para que se revise supuesto adeudo de horas-clase con sus docentes.<\/p>\n\n\n\n<p>Asimismo, para exigir la firma de la convocatoria 2021-2022 y reconocimiento a estudios de Personal de Asistencia y Apoyo a la Educaci\u00f2n (PAAE), que es administrativo.<\/p>\n\n\n\n<p>Sin embargo, han omitido dar a conocer que han devengado su sueldo de manera normal y puntual, pese a la situaci\u00f3n de la pandemia; adem\u00e1s, se hacen pasar como estudiantes normalistas, cuando son docentes contratados formalmente con plaza.<\/p>\n\n\n\n<p>Tambi\u00e9n, han negado ante medios de comunicaci\u00f3n que los directivos de la ENSFO contrataron asesores externos que no se requer\u00edan y que no estaban dados de alta, pues cuentan con personal suficiente.<\/p>\n\n\n\n<p>Asimismo, incluyeron como alumnos a personal administrativo, fuera de la normatividad, a fin de cobrar doble salario.<\/p>\n\n\n\n<p>De acuerdo con fuentes educativas, este mismo problema se present\u00f3 hace ma\u00b4s de dos a\u00f1os, por lo que fue necesario erogar de manera extraordinaria y por \u00fanica vez, 12 millones de pesos.<\/p>\n\n\n\n<p>PUNTUAL RESPUESTA<\/p>\n\n\n\n<p>De acuerdo con el Instituto Estatal de Educaci\u00f3n P\u00fablica de Oaxaca (IEEPO), en el \u00e1mbito de su competencia y priorizando el di\u00e1logo, ha dado respuesta y contin\u00faa con el seguimiento a solicitudes presentadas por docentes-alumnos de la Escuela Normal Superior Federal de Oaxaca (ENSFO), dentro de la normatividad vigente.<\/p>\n\n\n\n<p>En lo que corresponde a las peticiones de un grupo, la autoridad educativa informa que se ha priorizado en todo momento el di\u00e1logo para atender los planteamientos de los docentes de educaci\u00f3n b\u00e1sica que estudian en dicho plantel, respetando plenamente sus derechos laborales; prueba de ello, es el pago \u00edntegro de sus salarios y prestaciones, mismas que siguen recibiendo en este momento de pandemia.<\/p>\n\n\n\n<p>Es importante mencionar que los planteles cuentan con una plantilla de personal permanente -tanto docentes como administrativos- en cantidad suficiente, quienes deber\u00e1n realizar sus actividades frente a grupo, as\u00ed como de asesor\u00eda. Adem\u00e1s de que, con pleno respeto de la Ley y normatividad vigentes, actualmente el IEEPO no est\u00e1 autorizado para realizar ni la contrataci\u00f3n, ni el pago de trabajadores por honorarios.<\/p>\n\n\n\n<p>En este tema, se informa que desde enero de 2015 se encuentra federalizado el pago de la n\u00f3mina del magisterio a trav\u00e9s del Fondo de Operaci\u00f3n de la N\u00f3mina Educativa (FONE). Sin embargo, el 12 de diciembre de 2017 se firm\u00f3 una minuta y como muestra de voluntad pol\u00edtica del Gobierno del Estado, en enero de 2018 se efectu\u00f3 un pago por \u00fanica vez de 12 millones de pesos para cubrir una n\u00f3mina por honorarios de asesores y becas a estudiantes.<\/p>\n\n\n\n<p>Lo anterior, con el compromiso firmado por parte de los representantes de los docentes de regularizar la situaci\u00f3n al interior de la ENSFO y dar por concluidos los procesos administrativos irregulares; sin embargo, hasta ahora no se ha cumplido.<\/p>\n\n\n\n<p>El Instituto ha mostrado permanentemente inter\u00e9s de regularizar y fortalecer la situaci\u00f3n acad\u00e9mica de esta Normal cuyas solicitudes est\u00e1n en el \u00e1mbito federal y para lo cual, en coordinaci\u00f3n con la Dirigencia Magisterial, gestionaron una mesa de atenci\u00f3n en la SEP el 27 de mayo de 2021, para que realizaran sus planteamientos y a\u00fan se est\u00e1 en espera de la respuesta de esta instancia federal.<\/p>\n\n\n\n<p>El IEEPO hace un llamado a continuar por la v\u00eda de atenci\u00f3n institucional y las instancias correspondientes sus planteamientos y a respetar las actividades y derechos de la ciudadan\u00eda y poblaci\u00f3n en general.<\/p>\n","protected":false},"excerpt":{"rendered":"<p>Redacci\u00f3n\/Zona Roja. Oaxaca de Ju\u00e1rez, Oax., 13 de julio de 2021.- Por segundo d\u00eda consecutivo,&hellip;<\/p>\n","protected":false},"author":2,"featured_media":29699,"comment_status":"closed","ping_status":"open","sticky":false,"template":"","format":"standard","meta":{"_lmt_disableupdate":"","_lmt_disable":"","_jetpack_memberships_contains_paid_content":false,"footnotes":""},"categories":[109,47],"tags":[2801],"class_list":["post-29698","post","type-post","status-publish","format-standard","has-post-thumbnail","hentry","category-minuto-a-minuto","category-zona-gris","tag-escuela-normal-superior-federal-de-oaxaca-ensfo"],"jetpack_featured_media_url":"https:\/\/zonaroja.com.mx\/wp-content\/uploads\/2021\/07\/ENSFO-caseta-de-Huitzo.jpg","jetpack_sharing_enabled":true,"_links":{"self":[{"href":"https:\/\/zonaroja.com.mx\/index.php?rest_route=\/wp\/v2\/posts\/29698","targetHints":{"allow":["GET"]}}],"collection":[{"href":"https:\/\/zonaroja.com.mx\/index.php?rest_route=\/wp\/v2\/posts"}],"about":[{"href":"https:\/\/zonaroja.com.mx\/index.php?rest_route=\/wp\/v2\/types\/post"}],"author":[{"embeddable":true,"href":"https:\/\/zonaroja.com.mx\/index.php?rest_route=\/wp\/v2\/users\/2"}],"replies":[{"embeddable":true,"href":"https:\/\/zonaroja.com.mx\/index.php?rest_route=%2Fwp%2Fv2%2Fcomments&post=29698"}],"version-history":[{"count":1,"href":"https:\/\/zonaroja.com.mx\/index.php?rest_route=\/wp\/v2\/posts\/29698\/revisions"}],"predecessor-version":[{"id":29700,"href":"https:\/\/zonaroja.com.mx\/index.php?rest_route=\/wp\/v2\/posts\/29698\/revisions\/29700"}],"wp:featuredmedia":[{"embeddable":true,"href":"https:\/\/zonaroja.com.mx\/index.php?rest_route=\/wp\/v2\/media\/29699"}],"wp:attachment":[{"href":"https:\/\/zonaroja.com.mx\/index.php?rest_route=%2Fwp%2Fv2%2Fmedia&parent=29698"}],"wp:term":[{"taxonomy":"category","embeddable":true,"href":"https:\/\/zonaroja.com.mx\/index.php?rest_route=%2Fwp%2Fv2%2Fcategories&post=29698"},{"taxonomy":"post_tag","embeddable":true,"href":"https:\/\/zonaroja.com.mx\/index.php?rest_route=%2Fwp%2Fv2%2Ftags&post=29698"}],"curies":[{"name":"wp","href":"https:\/\/api.w.org\/{rel}","templated":true}]}}