{"id":29704,"date":"2021-07-13T21:56:06","date_gmt":"2021-07-14T02:56:06","guid":{"rendered":"http:\/\/www.zonaroja.com.mx\/?p=29704"},"modified":"2021-07-13T21:56:09","modified_gmt":"2021-07-14T02:56:09","slug":"saluda-onu-dh-sentencia-sobre-agua-para-ayutla-oaxaca","status":"publish","type":"post","link":"https:\/\/zonaroja.com.mx\/?p=29704","title":{"rendered":"Saluda ONU-DH sentencia sobre agua para Ayutla, Oaxaca"},"content":{"rendered":"\n<p>Ismael Garc\u00eda M.\/Zona Roja.<\/p>\n\n\n\n<p>Oaxaca de Ju\u00e1rez, Oax., 13 de julio de 2021.- Derechos Humanos de la Organizaci\u00f3n de las Naciones Unidas en M\u00e9xico (ONU-DH) salud\u00f3 la sentencia de un Tribunal Colegiado de Circuito, que ordena garantizar el acceso al agua a San Pedro y San Pablo Ayutla Mixe, Oaxaca.<\/p>\n\n\n\n<p>A trav\u00e9s de un comunicado y en redes sociales, consider\u00f3 que \u201cEl cumplimiento efectivo de esta sentencia implicar\u00eda avances en la implementaci\u00f3n de varias recomendaciones al Estado Mexicano por parte del Relator Especial sobre el derecho humano al agua potable y el saneamiento realizadas desde el 2017\u201d.<\/p>\n\n\n\n<p>Asimismo, para que se proporcione m\u00e1s apoyo y financiamiento de los diferentes niveles de gobierno a los sistemas de agua y saneamiento gestionados por las comunidades.<\/p>\n\n\n\n<p>El pronunciamiento lo hizo este martes, un d\u00eda despu\u00e9s que se venci\u00f3 el plazo que dio el Tribunal Colegiado a los gobiernos estatal y federal para que reconecten a Ayutla al manantial que se encuentra en disputa con Tamazul\u00e1pam del Esp\u00edritu Santo.<\/p>\n\n\n\n<figure class=\"wp-block-embed-twitter wp-block-embed is-type-rich is-provider-twitter\"><div class=\"wp-block-embed__wrapper\">\n<div class=\"twitter-tweet\"><blockquote class=\"twitter-tweet\" data-lang=\"es\"><p lang=\"es\" dir=\"ltr\">6\/6 &#8230; y apropiados a sus propias tradiciones culturales, creencias y sistemas tradicionales de gesti\u00f3n de la tierra y el agua de la comunidad.\u201d<br><br>Consulta: <a href=\"https:\/\/t.co\/x3k6LBrM8A\">https:\/\/t.co\/x3k6LBrM8A<\/a><\/p>&mdash; ONU-DH M\u00e9xico (@ONUDHmexico) <a href=\"https:\/\/twitter.com\/ONUDHmexico\/status\/1415040534045892608?ref_src=twsrc%5Etfw\">13 de julio de 2021<\/a><\/blockquote><\/div>\n<\/div><\/figure>\n\n\n\n<p>JUSTIFICAN INCUMPLIMIENTO<\/p>\n\n\n\n<p>En un comunicado emitido esta noche, la Secretar\u00eda General de Gobierno (Segego) de Oaxaca justific\u00f3 que no existen las condiciones para reconectar el servicio del vital l\u00edquido.<\/p>\n\n\n\n<p>Expuso que junto con la Comisi\u00f3n Estatal del Agua (CEA), la Junta de Conciliaci\u00f3n Agraria y la Comisi\u00f3n Nacional del Agua Cuenca Pacifico Sur (Conagua Oaxaca), sostuvieron una mesa de di\u00e1logo con las autoridades municipales y agrarias de Tamazul\u00e1pam del Esp\u00edritu Santo, y de San Pedro y San Pablo Ayutla.<\/p>\n\n\n\n<p>\u201cCon el objetivo de atender y cumplir con la ejecutoria de amparo dictada por el Juzgado Tercero de Distrito, dentro del expediente 795\/2017, ratificada por el Tribunal Colegiado; dicho pronunciamiento fue notificado legalmente a la Secretar\u00eda General de Gobierno el pasado 9 de julio de 2021 y a la Comisi\u00f3n Estatal del Agua (CEA), el 12 de julio, por lo que se le pidi\u00f3 al Gobierno del Estado hacer lo conducente.<\/p>\n\n\n\n<p>\u201cA trav\u00e9s de la plataforma digital Zoom, el gobernador Alejandro Murat Hinojosa, particip\u00f3 en la mesa de di\u00e1logo, en la que invit\u00f3 a las autoridades municipales y agrarias, a continuar con el di\u00e1logo; as\u00ed mismo, refrendo el respeto a las comunidades y celebr\u00f3 como hecho hist\u00f3rico que despu\u00e9s de varios a\u00f1os e intentos, hoy, ambas comunidades se sienten a dialogar.<\/p>\n\n\n\n<p>En tanto, el titular de la Segego, Francisco Garc\u00eda L\u00f3pez, \u201cmencion\u00f3 que la instrucci\u00f3n del gobernador Alejandro Murat Hinojosa es privilegiar el di\u00e1logo con las comunidades originarias. \u201cMantenemos el respeto a los usos y costumbres, pero derivado de la ejecutoria tenemos que cumplir\u201d.<\/p>\n\n\n\n<figure class=\"wp-block-embed-twitter wp-block-embed is-type-rich is-provider-twitter\"><div class=\"wp-block-embed__wrapper\">\n<div class=\"twitter-tweet\"><blockquote class=\"twitter-tweet\" data-lang=\"es\"><p lang=\"es\" dir=\"ltr\">COMUNICADO.<a href=\"https:\/\/twitter.com\/hashtag\/Segego?src=hash&amp;ref_src=twsrc%5Etfw\">#Segego<\/a> respeta la autonom\u00eda de las comunidades Mixes<br>\u00a0<br>Con la firma de una minuta autoridades municipales y agrarias de Tamazul\u00e1pam del Esp\u00edritu Santo, y San Pedro y San Pablo Ayutla, acordaron que no existen las condiciones para realizar la reconexi\u00f3n al Manantial. <a href=\"https:\/\/t.co\/EOhXVMjIWM\">pic.twitter.com\/EOhXVMjIWM<\/a><\/p>&mdash; SEGEGO Oaxaca (@SEGEGO_GobOax) <a href=\"https:\/\/twitter.com\/SEGEGO_GobOax\/status\/1415140165534711809?ref_src=twsrc%5Etfw\">14 de julio de 2021<\/a><\/blockquote><\/div>\n<\/div><\/figure>\n\n\n\n<p>SIN NOTIFICACI\u00d3N<\/p>\n\n\n\n<p>Por su parte &#8211;de acuerdo con el comunicado&#8211;, el presidente municipal de Tamazul\u00e1pam del Esp\u00edritu Santo, Victoriano Mart\u00ednez Jim\u00e9nez, inform\u00f3 que hasta este martes no ha sido notificado de la ejecutoria de Amparo.<\/p>\n\n\n\n<p>\u201cEn cuanto sea notificado conforme a lo que marca la ley, se lo haremos del conocimiento a la Asamblea General de Comuneros para buscar la manera de darle cumplimiento, por el momento nos encontramos en di\u00e1logo con las autoridades municipales y agrarias de San Pedro y San Pablo Ayutla, y en este momento no existen las condiciones para iniciar los trabajos de reconexi\u00f3n\u201d, mencion\u00f3.<\/p>\n\n\n\n<p>As\u00ed mismo, el agente municipal de Tierra Blanca, Ram\u00f3n Jim\u00e9nez Luc\u00eda y el representante de Bienes Comunales de Tamazul\u00e1pam del Esp\u00edritu Santo, Vicente L\u00f3pez Ant\u00fanez, mencionaron que se coordinaran con el Presidente Municipal para realizar la asamblea, en cuanto sean notificados.<\/p>\n\n\n\n<p>SIN CONOCIMIENTO<\/p>\n\n\n\n<p>Por parte de las autoridades municipales y agrarias de San Pedro y San Pablo Ayutla, plantearon que su asamblea no tienen conocimiento de la ejecutoria de amparo que ordena la reconexi\u00f3n del agua; asimismo, \u201csolicitaron se respete el documento de manifiesto del d\u00eda 9 de julio del presente a\u00f1o, elaborado por ambas comunidades de San Pedro y San Pablo Ayutla y Tamazul\u00e1pam del Esp\u00edritu Santo, que enfatiza el di\u00e1logo y el respeto de los acuerdos de la asamblea de priorizar la disoluci\u00f3n de la mancomunidad, documento al que dieron lectura en la mesa y entregaron oficialmente al Secretario General de Gobierno\u201d.<\/p>\n\n\n\n<p>Tras ocho horas de di\u00e1logo se firm\u00f3 una minuta, en la cual se acord\u00f3, que por el momento no existen las condiciones para dar cumplimiento a la ejecutoria de Amparo con el fin de realizar la reconexi\u00f3n, ambas comunidades continuaran con el di\u00e1logo en un marco de respeto, adem\u00e1s de que plantearan a sus asambleas, la problem\u00e1tica y ser\u00e1 decisi\u00f3n de las mismas las acciones pr\u00f3ximas a realizarse.<\/p>\n\n\n\n<p>\u201cLa Segego exhorta a las autoridades municipales, auxiliares y ciudadan\u00eda en general a conducirse con respeto, legalidad, honestidad y privilegiar el di\u00e1logo para solucionar de manera pac\u00edfica las problem\u00e1ticas que enfrentan, no afectar la integridad f\u00edsica y moral de la poblaci\u00f3n, crear condiciones de paz y garantizar los derechos humanos de las y los oaxaque\u00f1os\u201d, finaliza el comunicado.<\/p>\n","protected":false},"excerpt":{"rendered":"<p>Ismael Garc\u00eda M.\/Zona Roja. Oaxaca de Ju\u00e1rez, Oax., 13 de julio de 2021.- Derechos Humanos&hellip;<\/p>\n","protected":false},"author":2,"featured_media":29705,"comment_status":"closed","ping_status":"open","sticky":false,"template":"","format":"standard","meta":{"_lmt_disableupdate":"","_lmt_disable":"","_jetpack_memberships_contains_paid_content":false,"footnotes":""},"categories":[109,47],"tags":[501],"class_list":["post-29704","post","type-post","status-publish","format-standard","has-post-thumbnail","hentry","category-minuto-a-minuto","category-zona-gris","tag-san-pedro-y-san-pablo-ayutla-mixe"],"jetpack_featured_media_url":"https:\/\/zonaroja.com.mx\/wp-content\/uploads\/2021\/07\/Segego-Ayutla-y-Tamazulapam.jpg","jetpack_sharing_enabled":true,"_links":{"self":[{"href":"https:\/\/zonaroja.com.mx\/index.php?rest_route=\/wp\/v2\/posts\/29704","targetHints":{"allow":["GET"]}}],"collection":[{"href":"https:\/\/zonaroja.com.mx\/index.php?rest_route=\/wp\/v2\/posts"}],"about":[{"href":"https:\/\/zonaroja.com.mx\/index.php?rest_route=\/wp\/v2\/types\/post"}],"author":[{"embeddable":true,"href":"https:\/\/zonaroja.com.mx\/index.php?rest_route=\/wp\/v2\/users\/2"}],"replies":[{"embeddable":true,"href":"https:\/\/zonaroja.com.mx\/index.php?rest_route=%2Fwp%2Fv2%2Fcomments&post=29704"}],"version-history":[{"count":1,"href":"https:\/\/zonaroja.com.mx\/index.php?rest_route=\/wp\/v2\/posts\/29704\/revisions"}],"predecessor-version":[{"id":29706,"href":"https:\/\/zonaroja.com.mx\/index.php?rest_route=\/wp\/v2\/posts\/29704\/revisions\/29706"}],"wp:featuredmedia":[{"embeddable":true,"href":"https:\/\/zonaroja.com.mx\/index.php?rest_route=\/wp\/v2\/media\/29705"}],"wp:attachment":[{"href":"https:\/\/zonaroja.com.mx\/index.php?rest_route=%2Fwp%2Fv2%2Fmedia&parent=29704"}],"wp:term":[{"taxonomy":"category","embeddable":true,"href":"https:\/\/zonaroja.com.mx\/index.php?rest_route=%2Fwp%2Fv2%2Fcategories&post=29704"},{"taxonomy":"post_tag","embeddable":true,"href":"https:\/\/zonaroja.com.mx\/index.php?rest_route=%2Fwp%2Fv2%2Ftags&post=29704"}],"curies":[{"name":"wp","href":"https:\/\/api.w.org\/{rel}","templated":true}]}}