{"id":29717,"date":"2021-07-13T23:10:20","date_gmt":"2021-07-14T04:10:20","guid":{"rendered":"http:\/\/www.zonaroja.com.mx\/?p=29717"},"modified":"2021-07-13T23:10:22","modified_gmt":"2021-07-14T04:10:22","slug":"arroja-martes-tres-homicidios-en-oaxaca-uno-fue-ejecucion","status":"publish","type":"post","link":"https:\/\/zonaroja.com.mx\/?p=29717","title":{"rendered":"Arroja martes tres homicidios en Oaxaca; uno fue ejecuci\u00f3n"},"content":{"rendered":"\n<p>Redacci\u00f3n\/Zona Roja.<\/p>\n\n\n\n<p>Oaxaca de Ju\u00e1rez, Oax., 13 de julio de 2021.- Tres personas perdieron la vida de manera violenta este martes en Oaxaca, una de ellas v\u00edctima de disparos de arma de fuego.<\/p>\n\n\n\n<p>En la carretera federal 125, \u201cAlfonso P\u00e9rez Gasga\u201d, a la altura de la desviaci\u00f3n a la comunidad Pie de la Cuesta, del municipio de San Juan Cacahuatepec, fue ejecutado a balazos un individuo.<\/p>\n\n\n\n<p>Manejaba una motocicleta en que vend\u00eda tortillas cuando fue atacado a balazos, tras lo cual el o los atacantes huyeron; el hoy occiso fue identificado de manera preliminar como L. C. G., de 26 a\u00f1os de edad.<\/p>\n\n\n\n<p>En tanto que la tarde de hoy en la carretera de acceso al municipio de la Villa de Mitla, una camioneta arroll\u00f3 a dos ciclistas, uno de los cuales perdi\u00f3 la vida en el momento y otra m\u00e1s rumbo a una cl\u00ednica.<\/p>\n\n\n\n<p>El conductor de la unidad de motor burl\u00f3 un filtro de seguridad cuando sucedi\u00f3 el accidente; en su hu\u00edda, perdi\u00f3 el control de veh\u00edculo metros m\u00e1s adelante, sobre la carretera federal 190, por lo que fue detenido.<\/p>\n\n\n\n<p>Los hoy occisos fueron identificados de manera preliminar como Juan Jos\u00e9 Ram\u00edrez Hern\u00e1ndez, de 54 a\u00f1os de edad, de oficio mec\u00e1nico y con domicilio en Tlacolula de Matamoros, y el otro como Jaime Flores.<\/p>\n\n\n\n<p>En tanto que entre la media noche de ayer y la madrugada de hoy, un motociclista perdi\u00f3 la vida al chocar con un \u00e1rbol, a causa de circular a alta velocidad.<\/p>\n\n\n\n<p>Fue identificado como N\u00e9stor Porfirio Cervantes, vecino de Santa Mar\u00eda Huatulco, y quien derrap\u00f3 en el Sector T de Santa Cruz Huatulco.<\/p>\n","protected":false},"excerpt":{"rendered":"<p>Redacci\u00f3n\/Zona Roja. Oaxaca de Ju\u00e1rez, Oax., 13 de julio de 2021.- Tres personas perdieron la&hellip;<\/p>\n","protected":false},"author":2,"featured_media":29718,"comment_status":"closed","ping_status":"open","sticky":false,"template":"","format":"standard","meta":{"_lmt_disableupdate":"","_lmt_disable":"","_jetpack_memberships_contains_paid_content":false,"footnotes":""},"categories":[109,51],"tags":[1268],"class_list":["post-29717","post","type-post","status-publish","format-standard","has-post-thumbnail","hentry","category-minuto-a-minuto","category-zona-roja","tag-san-juan-cacahuatepec"],"jetpack_featured_media_url":"https:\/\/zonaroja.com.mx\/wp-content\/uploads\/2021\/07\/Accidente-Mitla.jpg","jetpack_sharing_enabled":true,"_links":{"self":[{"href":"https:\/\/zonaroja.com.mx\/index.php?rest_route=\/wp\/v2\/posts\/29717","targetHints":{"allow":["GET"]}}],"collection":[{"href":"https:\/\/zonaroja.com.mx\/index.php?rest_route=\/wp\/v2\/posts"}],"about":[{"href":"https:\/\/zonaroja.com.mx\/index.php?rest_route=\/wp\/v2\/types\/post"}],"author":[{"embeddable":true,"href":"https:\/\/zonaroja.com.mx\/index.php?rest_route=\/wp\/v2\/users\/2"}],"replies":[{"embeddable":true,"href":"https:\/\/zonaroja.com.mx\/index.php?rest_route=%2Fwp%2Fv2%2Fcomments&post=29717"}],"version-history":[{"count":1,"href":"https:\/\/zonaroja.com.mx\/index.php?rest_route=\/wp\/v2\/posts\/29717\/revisions"}],"predecessor-version":[{"id":29719,"href":"https:\/\/zonaroja.com.mx\/index.php?rest_route=\/wp\/v2\/posts\/29717\/revisions\/29719"}],"wp:featuredmedia":[{"embeddable":true,"href":"https:\/\/zonaroja.com.mx\/index.php?rest_route=\/wp\/v2\/media\/29718"}],"wp:attachment":[{"href":"https:\/\/zonaroja.com.mx\/index.php?rest_route=%2Fwp%2Fv2%2Fmedia&parent=29717"}],"wp:term":[{"taxonomy":"category","embeddable":true,"href":"https:\/\/zonaroja.com.mx\/index.php?rest_route=%2Fwp%2Fv2%2Fcategories&post=29717"},{"taxonomy":"post_tag","embeddable":true,"href":"https:\/\/zonaroja.com.mx\/index.php?rest_route=%2Fwp%2Fv2%2Ftags&post=29717"}],"curies":[{"name":"wp","href":"https:\/\/api.w.org\/{rel}","templated":true}]}}