{"id":29720,"date":"2021-07-14T07:23:01","date_gmt":"2021-07-14T12:23:01","guid":{"rendered":"http:\/\/www.zonaroja.com.mx\/?p=29720"},"modified":"2021-07-14T07:23:05","modified_gmt":"2021-07-14T12:23:05","slug":"opinion-rectificaciones","status":"publish","type":"post","link":"https:\/\/zonaroja.com.mx\/?p=29720","title":{"rendered":"Opini\u00f3n. Rectificaciones"},"content":{"rendered":"\n<p>Gibr\u00e1n Ram\u00edrez Reyes*<\/p>\n\n\n\n<p>Este tercer a\u00f1o del gobierno de L\u00f3pez Obrador ha sido el elegido para hacer un corte de caja y rectificar aquello que parece no ir bien.<\/p>\n\n\n\n<p>Tomando en cuenta los ajustes en \u00e1reas sensibles del gabinete y otras decisiones de pol\u00edtica p\u00fablica igualmente relevantes, pero menos estruendosas, podr\u00edamos asistir a un relanzamiento del gobierno rumbo al primero de septiembre.<\/p>\n\n\n\n<p>En materia de pol\u00edtica social, por ahora, parece haber dos enormes golpes de tim\u00f3n. El primero es la discreta adopci\u00f3n del IMSS como pilar fundamental de lo que se intenta que sea el nuevo sistema de salud, lo que implicar\u00eda el reconocimiento de que el dise\u00f1o del Instituto de Salud para el Bienestar no ha sido funcional.<\/p>\n\n\n\n<p>En el marco de la inauguraci\u00f3n del hospital IMSS-Bienestar de San Quint\u00edn en Baja California, el Presidente dio la noticia de que todos los hospitales que se terminaron durante la pandemia, as\u00ed como los que se equiparon y fueron dotados de personal durante la pandemia, pertenecer\u00e1n al IMSS-Bienestar, con una experiencia de m\u00e1s de 40 a\u00f1os en atenci\u00f3n a poblaci\u00f3n sin aseguramiento de contribuci\u00f3n directa.<\/p>\n\n\n\n<p>As\u00ed era el plan original, como reconoci\u00f3 el Presidente mismo, pero la oposici\u00f3n de Carlos Urz\u00faa, el neoliberal que era entonces secretario de Hacienda, y una parte de la Secretar\u00eda de Salud, impidieron que se realizara como se ten\u00eda pensado y delineado por el entonces director, Germ\u00e1n Mart\u00ednez, pues pesaron m\u00e1s los argumentos ideol\u00f3gicos que se\u00f1alaban que el sindicato del IMSS pudrir\u00eda el esfuerzo y devorar\u00eda el presupuesto.<\/p>\n\n\n\n<p>Pese a sus defectos, L\u00f3pez Obrador reconoci\u00f3 al IMSS la institucionalizaci\u00f3n de procedimientos y mecanismos que se han consolidado a lo largo del tiempo en mucho mejores condiciones que en la Secretar\u00eda de Salud federal o en las estatales, ambas \u2014esas s\u00ed\u2014 podridas por la corrupci\u00f3n y que pasar\u00edan a joder al seguro popular que operaron en conjunto.<\/p>\n\n\n\n<p>El Presidente volvi\u00f3 a utilizar la comparaci\u00f3n que hizo en ocasi\u00f3n de la inauguraci\u00f3n de las oficinas del IMSS en Morelia.<\/p>\n\n\n\n<p>All\u00ed dijo que era preciso, para que la Guardia Nacional se consolidara, que creciera al amparo de instituciones consolidadas como el Ej\u00e9rcito o la Marina y, del mismo modo, que para que se consolidara el acceso a la salud esto tendr\u00eda que hacerse mediante el IMSS-Bienestar, otra instituci\u00f3n probada.<\/p>\n\n\n\n<p>Entre el planteamiento original y la vuelta al origen han pasado valiosos a\u00f1os, pero de ninguna manera ha sido tiempo perdido, pues los avances del Insabi pueden incorporarse al IMSS-Bienestar con tiento y algunas reformas que se propusieron en el inicio de este gobierno.<\/p>\n\n\n\n<p>El segundo viraje est\u00e1 por suceder y es el replanteamiento de la red territorial que se hace cargo de la pol\u00edtica social. Ha comenzado a hablarse de ello a ra\u00edz de la llegada de Carlos Torres al mando de los Programas de Bienestar y de informaci\u00f3n que por ello mismo ha comenzado a divulgarse.<\/p>\n\n\n\n<p>A causa de la pandemia, por ejemplo, se ensay\u00f3 que el IMSS se hiciera cargo de los microcr\u00e9ditos solidarios para las peque\u00f1as empresas que no corrieron trabajadores. Parece un camino que podr\u00eda seguir explor\u00e1ndose.<\/p>\n\n\n\n<p>El IMSS no tiene experiencia solamente en asuntos de salud, sino en una de las visiones m\u00e1s amplias del bienestar que se han experimentado en M\u00e9xico y bien podr\u00eda servir de base para reencauzar aquello que se ha salido de cauce.<\/p>\n\n\n\n<p>*Doctor en Ciencia Pol\u00edtica por la UNAM.<\/p>\n","protected":false},"excerpt":{"rendered":"<p>Gibr\u00e1n Ram\u00edrez Reyes* Este tercer a\u00f1o del gobierno de L\u00f3pez Obrador ha sido el elegido&hellip;<\/p>\n","protected":false},"author":2,"featured_media":24099,"comment_status":"closed","ping_status":"open","sticky":false,"template":"","format":"standard","meta":{"_lmt_disableupdate":"","_lmt_disable":"","_jetpack_memberships_contains_paid_content":false,"footnotes":""},"categories":[456,109],"tags":[2489],"class_list":["post-29720","post","type-post","status-publish","format-standard","has-post-thumbnail","hentry","category-columna","category-minuto-a-minuto","tag-gibran-ramirez-reyes"],"jetpack_featured_media_url":"https:\/\/zonaroja.com.mx\/wp-content\/uploads\/2021\/02\/Gibran-Ramirez-Reyes.jpg","jetpack_sharing_enabled":true,"_links":{"self":[{"href":"https:\/\/zonaroja.com.mx\/index.php?rest_route=\/wp\/v2\/posts\/29720","targetHints":{"allow":["GET"]}}],"collection":[{"href":"https:\/\/zonaroja.com.mx\/index.php?rest_route=\/wp\/v2\/posts"}],"about":[{"href":"https:\/\/zonaroja.com.mx\/index.php?rest_route=\/wp\/v2\/types\/post"}],"author":[{"embeddable":true,"href":"https:\/\/zonaroja.com.mx\/index.php?rest_route=\/wp\/v2\/users\/2"}],"replies":[{"embeddable":true,"href":"https:\/\/zonaroja.com.mx\/index.php?rest_route=%2Fwp%2Fv2%2Fcomments&post=29720"}],"version-history":[{"count":1,"href":"https:\/\/zonaroja.com.mx\/index.php?rest_route=\/wp\/v2\/posts\/29720\/revisions"}],"predecessor-version":[{"id":29721,"href":"https:\/\/zonaroja.com.mx\/index.php?rest_route=\/wp\/v2\/posts\/29720\/revisions\/29721"}],"wp:featuredmedia":[{"embeddable":true,"href":"https:\/\/zonaroja.com.mx\/index.php?rest_route=\/wp\/v2\/media\/24099"}],"wp:attachment":[{"href":"https:\/\/zonaroja.com.mx\/index.php?rest_route=%2Fwp%2Fv2%2Fmedia&parent=29720"}],"wp:term":[{"taxonomy":"category","embeddable":true,"href":"https:\/\/zonaroja.com.mx\/index.php?rest_route=%2Fwp%2Fv2%2Fcategories&post=29720"},{"taxonomy":"post_tag","embeddable":true,"href":"https:\/\/zonaroja.com.mx\/index.php?rest_route=%2Fwp%2Fv2%2Ftags&post=29720"}],"curies":[{"name":"wp","href":"https:\/\/api.w.org\/{rel}","templated":true}]}}