{"id":29722,"date":"2021-07-14T07:28:37","date_gmt":"2021-07-14T12:28:37","guid":{"rendered":"http:\/\/www.zonaroja.com.mx\/?p=29722"},"modified":"2021-07-14T07:28:39","modified_gmt":"2021-07-14T12:28:39","slug":"continua-poder-judicial-con-medidas-sanitarias-en-inmuebles-y-juzgados","status":"publish","type":"post","link":"https:\/\/zonaroja.com.mx\/?p=29722","title":{"rendered":"Contin\u00faa Poder Judicial con medidas sanitarias en inmuebles y juzgados"},"content":{"rendered":"\n<p>Redacci\u00f3n\/Zona Roja.<\/p>\n\n\n\n<p>Oaxaca de Ju\u00e1rez, Oax., 14 de julio de 2021.- En su compromiso de mantener el servicio a la ciudadan\u00eda en general, as\u00ed como al foro de abogados, el Poder Judicial del Estado de Oaxaca atiende de manera estricta las medidas sanitarias establecidas por las autoridades de salud para evitar casos de contagios por Covid-19.<\/p>\n\n\n\n<p>Por ello, las y los ciudadanos que acuden al edificio sede del Poder Judicial, en Reyes Mantec\u00f3n o alguno de los juzgados, sin excepci\u00f3n alguna, deben cumplir con las disposiciones establecidas por los gobiernos estatal y federal, as\u00ed como en los acuerdos de los plenos del Tribunal Superior de Justicia y del Consejo de la Judicatura.<\/p>\n\n\n\n<p>En este sentido, la implementaci\u00f3n del \u201cPrograma de Desinfecci\u00f3n 2021\u201d de inmuebles y \u00e1reas de esta instituci\u00f3n, es parte importante de las acciones que se han mantenido desde el inicio de la contingencia sanitaria para proteger la salud p\u00fablica, mediante actividades intensivas de sanitizaci\u00f3n en todos los espacios laborales.<\/p>\n\n\n\n<p>Por otra parte, salvaguardando el Inter\u00e9s Superior de la Ni\u00f1ez y la protecci\u00f3n a grupos vulnerados, el Poder Judicial del Estado, a trav\u00e9s del Fondo para la Administraci\u00f3n de Justicia, contin\u00faa y no ha suspendido en ning\u00fan momento el pago de pensiones alimenticias, tr\u00e1mite que se realiza con las medidas de prevenci\u00f3n, al igual que otros servicios que brinda la instituci\u00f3n.<\/p>\n\n\n\n<p>Por Acuerdo General 31\/2021 el Pleno del Consejo de la Judicatura determin\u00f3 el retorno presencial de todo el personal de confianza, sin excepci\u00f3n, a sus funciones en las sedes de los diferentes juzgados en el estado y \u00e1reas administrativas de su adscripci\u00f3n; por lo cual, desde el pasado tres de junio las y los trabajadores en esta modalidad, se reincoporaron para el desarrollo de sus actividades, las cuales contin\u00faan de manera normal.<\/p>\n\n\n\n<p>Desde el inicio de la emergencia sanitaria, la administraci\u00f3n del magistrado Eduardo Pinacho S\u00e1nchez sent\u00f3 las condiciones t\u00e9cnicas y estructurales para continuar con las actividades del sistema judicial, por lo cual se habilitaron servicios digitales que se han ido consolidando; adem\u00e1s de que estableci\u00f3 el Plan de Retorno Gradual, Seguro y Ordenado a la Actividad Jurisdiccional y Administrativa.<\/p>\n\n\n\n<p>La instituci\u00f3n recomienda que, en la medida de lo posible, se utilicen las v\u00edas de comunicaci\u00f3n electr\u00f3nicas para atender dudas. La ciudadan\u00eda puede consultar la p\u00e1gina web www. https:\/\/www.tribunaloaxaca.gob.mx\/ o llamar al Centro de Atenci\u00f3n Telef\u00f3nica, Justiciatel, 800 719 22 32.<\/p>\n","protected":false},"excerpt":{"rendered":"<p>Redacci\u00f3n\/Zona Roja. Oaxaca de Ju\u00e1rez, Oax., 14 de julio de 2021.- En su compromiso de&hellip;<\/p>\n","protected":false},"author":2,"featured_media":29724,"comment_status":"closed","ping_status":"open","sticky":false,"template":"","format":"standard","meta":{"_lmt_disableupdate":"","_lmt_disable":"","_jetpack_memberships_contains_paid_content":false,"footnotes":""},"categories":[109,46],"tags":[223],"class_list":["post-29722","post","type-post","status-publish","format-standard","has-post-thumbnail","hentry","category-minuto-a-minuto","category-zona-blanca","tag-poder-judicial-de-oaxaca"],"jetpack_featured_media_url":"https:\/\/zonaroja.com.mx\/wp-content\/uploads\/2021\/07\/Se-cumplen-con-protocolos-sanitarios.jpg","jetpack_sharing_enabled":true,"_links":{"self":[{"href":"https:\/\/zonaroja.com.mx\/index.php?rest_route=\/wp\/v2\/posts\/29722","targetHints":{"allow":["GET"]}}],"collection":[{"href":"https:\/\/zonaroja.com.mx\/index.php?rest_route=\/wp\/v2\/posts"}],"about":[{"href":"https:\/\/zonaroja.com.mx\/index.php?rest_route=\/wp\/v2\/types\/post"}],"author":[{"embeddable":true,"href":"https:\/\/zonaroja.com.mx\/index.php?rest_route=\/wp\/v2\/users\/2"}],"replies":[{"embeddable":true,"href":"https:\/\/zonaroja.com.mx\/index.php?rest_route=%2Fwp%2Fv2%2Fcomments&post=29722"}],"version-history":[{"count":1,"href":"https:\/\/zonaroja.com.mx\/index.php?rest_route=\/wp\/v2\/posts\/29722\/revisions"}],"predecessor-version":[{"id":29725,"href":"https:\/\/zonaroja.com.mx\/index.php?rest_route=\/wp\/v2\/posts\/29722\/revisions\/29725"}],"wp:featuredmedia":[{"embeddable":true,"href":"https:\/\/zonaroja.com.mx\/index.php?rest_route=\/wp\/v2\/media\/29724"}],"wp:attachment":[{"href":"https:\/\/zonaroja.com.mx\/index.php?rest_route=%2Fwp%2Fv2%2Fmedia&parent=29722"}],"wp:term":[{"taxonomy":"category","embeddable":true,"href":"https:\/\/zonaroja.com.mx\/index.php?rest_route=%2Fwp%2Fv2%2Fcategories&post=29722"},{"taxonomy":"post_tag","embeddable":true,"href":"https:\/\/zonaroja.com.mx\/index.php?rest_route=%2Fwp%2Fv2%2Ftags&post=29722"}],"curies":[{"name":"wp","href":"https:\/\/api.w.org\/{rel}","templated":true}]}}