{"id":29726,"date":"2021-07-14T08:16:22","date_gmt":"2021-07-14T13:16:22","guid":{"rendered":"http:\/\/www.zonaroja.com.mx\/?p=29726"},"modified":"2021-07-14T08:16:24","modified_gmt":"2021-07-14T13:16:24","slug":"van-dos-detenidos-por-robo-violento-en-central-de-abasto-son-reincidentes","status":"publish","type":"post","link":"https:\/\/zonaroja.com.mx\/?p=29726","title":{"rendered":"Van dos detenidos por robo violento en Central de Abasto; son reincidentes"},"content":{"rendered":"\n<p>Redacci\u00f3n\/Zona Roja.<\/p>\n\n\n\n<p>Oaxaca de Ju\u00e1rez, Oax., 14 de julio de 2021.- Suman dos presuntos delincuentes detenidos y vinculados a proceso, luego de que tres de ellos asaltaran con violencia a un joven en la Central de Abasto de la ciudad de Oaxaca, el pasado 6 de julio, al aplicarle la \u201cllave china\u201d y dejarlo inconsciente.<\/p>\n\n\n\n<p>Sin embargo, los dos son reincidentes, han pisado los separos municipales en m\u00faltiples ocasiones y podr\u00edan salir libres, pues hasta el momento no hay denuncia de la v\u00edctima de la semana pasada.<\/p>\n\n\n\n<p>La polic\u00eda municipal de Oaxaca de Ju\u00e1rez se atribuy\u00f3 la detenci\u00f3n de Felipe Delfino N. alias \u201cEl Mojarra\u201d y Jonath\u00e1n N.<\/p>\n\n\n\n<p>Sin embargo, en un comunicado, omiti\u00f3 informar que tuvo que intervenir la Secretar\u00eda de Seguridad P\u00fablica, a trav\u00e9s de la Polic\u00eda Estatal, para lograr las capturas y fortalecer la vigilancia en la zona.<\/p>\n\n\n\n<p>\u201cEl Mojarra\u201d ha sido detenido por lo menos en 35 ocasiones, acusado de robo, pero ha salido libre por falta de pruebas y denuncias. El pasado martes qued\u00f3 vinculado a proceso y con prisi\u00f3n preventiva, al ser acusado del delito de robo con violencia, en tanto Jonath\u00e1n, le fue ejecutada la orden de aprehensi\u00f3n por el mismo delito.<\/p>\n\n\n\n<p>En un comunicado, la Fiscal\u00eda General del Estado indic\u00f3 que obtuvo auto de vinculaci\u00f3n a proceso contra la persona del sexo masculino identificada como Felipe D. V. P. alias \u201cEl Mojarra\u201d, probable responsable del delito de robo calificado con violencia f\u00edsica y moral a las personas en agravio de J. Y. S. A., cometido el 6 de julio de 2021, en la Central de Abasto de la ciudad de Oaxaca de Ju\u00e1rez.<\/p>\n\n\n\n<p>De acuerdo con la causa penal 692\/2021, el 6 de julio de 2021, aproximadamente a las 16:30 horas, el imputado -en compa\u00f1\u00eda de otras dos personas- interceptaron a la v\u00edctima de forma violenta para despojarlo de la cantidad de dos mil pesos y un tel\u00e9fono celular, cuando se encontraba en inmediaciones de la avenida Ferrocarril, esquina con privada de la Casas, en la periferia de la Central de Abasto de la capital oaxaque\u00f1a.<\/p>\n\n\n\n<p>Ante estos hechos y tras la denuncia presentada, la Instituci\u00f3n de procuraci\u00f3n de justicia atrajo la investigaci\u00f3n -a trav\u00e9s de la Vicefiscal\u00eda Regional de Valles Centrales-, logrando aprehender y presentar al imputado ante el Juzgado de Control cuando sal\u00eda por estar preso por escandalizar en v\u00eda p\u00fablica.<\/p>\n\n\n\n<p>En audiencia realizada este 13 de julio de 2021 y tras validar los datos de prueba proporcionados por la FGEO, el Juez en turno determin\u00f3 vincular a proceso a F. D. V. P. alias \u201cEl Mojarra\u201d, a quien impuso la medida cautelar de prisi\u00f3n preventiva oficiosa y otorgando dos meses para el cierre de investigaci\u00f3n complementaria.<\/p>\n\n\n\n<p>35 DETENCIONES<\/p>\n\n\n\n<p>Sin embargo, Delfino Felipe, en 35 ocasiones ha sido detenido por la polic\u00eda municipal de la ciudad capital y en una ocasi\u00f3n fue condenado por el delito delitos contra la salud, en el a\u00f1o 2017.<\/p>\n\n\n\n<p>De ellas, en siete ocasiones fue acusado del delito de robo, en cuatro por delitos contra la salud y el resto por alterar el orden p\u00fablico, molestar a las personas o escandalizar en la v\u00eda p\u00fablica.<\/p>\n\n\n\n<p>Asimismo, la Fiscal\u00eda General del Estado inform\u00f3 ayer que se ejecut\u00f3 la orden de aprehensi\u00f3n por el mismo caso ocurrido en el Perif\u00e9rico en contra de Jonath\u00e1n alias \u201cEl Gordo\u201d.<\/p>\n\n\n\n<p>De acuerdo con la declaraci\u00f3n de la v\u00edctima, habr\u00eda sido J. B. M., alias \u201cEl Gordo\u201d quien lo sujet\u00f3 del cuello para asfixiarlo hasta que se desmay\u00f3.<\/p>\n\n\n\n<p>Ante estos hechos y tras la denuncia presentada, la Instituci\u00f3n de procuraci\u00f3n de justicia atrajo la investigaci\u00f3n -a trav\u00e9s de la Vicefiscal\u00eda Regional de Valles Centrales-, logrando aprehender y presentar al imputado ante el Juzgado de Control, cuya situaci\u00f3n jur\u00eddica se resolver\u00e1 en las pr\u00f3ximas horas.<\/p>\n","protected":false},"excerpt":{"rendered":"<p>Redacci\u00f3n\/Zona Roja. Oaxaca de Ju\u00e1rez, Oax., 14 de julio de 2021.- Suman dos presuntos delincuentes&hellip;<\/p>\n","protected":false},"author":2,"featured_media":29727,"comment_status":"closed","ping_status":"open","sticky":false,"template":"","format":"standard","meta":{"_lmt_disableupdate":"","_lmt_disable":"","_jetpack_memberships_contains_paid_content":false,"footnotes":""},"categories":[109,47],"tags":[2802],"class_list":["post-29726","post","type-post","status-publish","format-standard","has-post-thumbnail","hentry","category-minuto-a-minuto","category-zona-gris","tag-robos-central-de-abasto-ciudad-de-oaxaca"],"jetpack_featured_media_url":"https:\/\/zonaroja.com.mx\/wp-content\/uploads\/2021\/07\/Asaltante-Central-de-Abasto-ciudad-de-Oaxaca.jpg","jetpack_sharing_enabled":true,"_links":{"self":[{"href":"https:\/\/zonaroja.com.mx\/index.php?rest_route=\/wp\/v2\/posts\/29726","targetHints":{"allow":["GET"]}}],"collection":[{"href":"https:\/\/zonaroja.com.mx\/index.php?rest_route=\/wp\/v2\/posts"}],"about":[{"href":"https:\/\/zonaroja.com.mx\/index.php?rest_route=\/wp\/v2\/types\/post"}],"author":[{"embeddable":true,"href":"https:\/\/zonaroja.com.mx\/index.php?rest_route=\/wp\/v2\/users\/2"}],"replies":[{"embeddable":true,"href":"https:\/\/zonaroja.com.mx\/index.php?rest_route=%2Fwp%2Fv2%2Fcomments&post=29726"}],"version-history":[{"count":1,"href":"https:\/\/zonaroja.com.mx\/index.php?rest_route=\/wp\/v2\/posts\/29726\/revisions"}],"predecessor-version":[{"id":29728,"href":"https:\/\/zonaroja.com.mx\/index.php?rest_route=\/wp\/v2\/posts\/29726\/revisions\/29728"}],"wp:featuredmedia":[{"embeddable":true,"href":"https:\/\/zonaroja.com.mx\/index.php?rest_route=\/wp\/v2\/media\/29727"}],"wp:attachment":[{"href":"https:\/\/zonaroja.com.mx\/index.php?rest_route=%2Fwp%2Fv2%2Fmedia&parent=29726"}],"wp:term":[{"taxonomy":"category","embeddable":true,"href":"https:\/\/zonaroja.com.mx\/index.php?rest_route=%2Fwp%2Fv2%2Fcategories&post=29726"},{"taxonomy":"post_tag","embeddable":true,"href":"https:\/\/zonaroja.com.mx\/index.php?rest_route=%2Fwp%2Fv2%2Ftags&post=29726"}],"curies":[{"name":"wp","href":"https:\/\/api.w.org\/{rel}","templated":true}]}}