{"id":29729,"date":"2021-07-14T08:28:00","date_gmt":"2021-07-14T13:28:00","guid":{"rendered":"http:\/\/www.zonaroja.com.mx\/?p=29729"},"modified":"2021-07-14T08:28:02","modified_gmt":"2021-07-14T13:28:02","slug":"usa-salomon-jara-consulta-y-ediles-a-su-favor-azuza-desobediencia","status":"publish","type":"post","link":"https:\/\/zonaroja.com.mx\/?p=29729","title":{"rendered":"Usa Salom\u00f3n Jara consulta y ediles a su favor; azuza desobediencia"},"content":{"rendered":"\n<p>Redacci\u00f3n\/Zona Roja.<\/p>\n\n\n\n<p>Oaxaca de Ju\u00e1rez, Oax., 14 de julio de 2021.- El senador Salom\u00f3n Jara Cruz utiliza para su promoci\u00f3n personal la consulta de juicio a expresidentes y azuza contra el Partido Morena a algunos ediles actuales y electos.<\/p>\n\n\n\n<p>As\u00ed lo denunci\u00f3 un grupo de militantes de dicho partido fundado por el hoy Presidente Andr\u00e9s Manuel L\u00f3pez Obrador.<\/p>\n\n\n\n<p>El pasado fin de semana, el senador amag\u00f3 a los ediles actuales y electos a llevar gente para su marcha, de la fuente de las Ocho Regiones al z\u00f3calo de la ciudad de Oaxaca, en que prevalecieron las lonas a su favor, las porras y las cartulinas.<\/p>\n\n\n\n<p>Sin embargo, en presunto berrinche por no contar con respaldo federal y central del partido para sus aspiraciones, orden\u00f3 a sus ediles allegados no cumplir con una convocatoria de capacitaci\u00f3n del instituto pol\u00edtico.<\/p>\n\n\n\n<p>El 9, 10 y 11 de julio los ediles electos emanados de Morena fueron llamados a un curso el Instituto Nacional de Formaci\u00f3n Pol\u00edtica de ese partido, no obstante, con la intenci\u00f3n de sabotear la actividad, Jara Cruz orden\u00f3 a allegados no asistir, quedando como los \u00fanicos de Oaxaca que no se presentaron a cumplir con la orden de Morena.<\/p>\n\n\n\n<p>Entre los afines a Jara se encuentran Gabriela D\u00edaz P\u00e9rez, de San Jacinto Amilpas; Tania L\u00f3pez L\u00f3pez, de Santa Cruz Xoxocotl\u00e1n; Juan Carlos Garc\u00eda M\u00e1rquez, de Santa Luc\u00eda del Camino, y Rigoberto Chac\u00f3n, de la Villa de Zaachila, quienes acataron la orden del senador.<\/p>\n\n\n\n<p>Los inconformes del Partido Morena se\u00f1alaron que la denuncia de la revuelta que est\u00e1 causando Salom\u00f3n Jara al interior de Morena lleg\u00f3 al escritorio de L\u00f3pez Obrador.<\/p>\n\n\n\n<p>Asimismo, se\u00f1alaron que Jara pretende irse a otro partido para postularse como candidato a gobernador, luego de conocer que ser\u00eda una mujer la que postular\u00e1 el Partido Morena, por lo que pidieron al instituto pol\u00edtico investigar estas deslealtades.<\/p>\n","protected":false},"excerpt":{"rendered":"<p>Redacci\u00f3n\/Zona Roja. Oaxaca de Ju\u00e1rez, Oax., 14 de julio de 2021.- El senador Salom\u00f3n Jara&hellip;<\/p>\n","protected":false},"author":2,"featured_media":29730,"comment_status":"closed","ping_status":"open","sticky":false,"template":"","format":"standard","meta":{"_lmt_disableupdate":"","_lmt_disable":"","_jetpack_memberships_contains_paid_content":false,"footnotes":""},"categories":[109,46],"tags":[939],"class_list":["post-29729","post","type-post","status-publish","format-standard","has-post-thumbnail","hentry","category-minuto-a-minuto","category-zona-blanca","tag-salomon-jara-cruz"],"jetpack_featured_media_url":"https:\/\/zonaroja.com.mx\/wp-content\/uploads\/2021\/07\/Morena-Jara-marcha-consulta.jpg","jetpack_sharing_enabled":true,"_links":{"self":[{"href":"https:\/\/zonaroja.com.mx\/index.php?rest_route=\/wp\/v2\/posts\/29729","targetHints":{"allow":["GET"]}}],"collection":[{"href":"https:\/\/zonaroja.com.mx\/index.php?rest_route=\/wp\/v2\/posts"}],"about":[{"href":"https:\/\/zonaroja.com.mx\/index.php?rest_route=\/wp\/v2\/types\/post"}],"author":[{"embeddable":true,"href":"https:\/\/zonaroja.com.mx\/index.php?rest_route=\/wp\/v2\/users\/2"}],"replies":[{"embeddable":true,"href":"https:\/\/zonaroja.com.mx\/index.php?rest_route=%2Fwp%2Fv2%2Fcomments&post=29729"}],"version-history":[{"count":1,"href":"https:\/\/zonaroja.com.mx\/index.php?rest_route=\/wp\/v2\/posts\/29729\/revisions"}],"predecessor-version":[{"id":29731,"href":"https:\/\/zonaroja.com.mx\/index.php?rest_route=\/wp\/v2\/posts\/29729\/revisions\/29731"}],"wp:featuredmedia":[{"embeddable":true,"href":"https:\/\/zonaroja.com.mx\/index.php?rest_route=\/wp\/v2\/media\/29730"}],"wp:attachment":[{"href":"https:\/\/zonaroja.com.mx\/index.php?rest_route=%2Fwp%2Fv2%2Fmedia&parent=29729"}],"wp:term":[{"taxonomy":"category","embeddable":true,"href":"https:\/\/zonaroja.com.mx\/index.php?rest_route=%2Fwp%2Fv2%2Fcategories&post=29729"},{"taxonomy":"post_tag","embeddable":true,"href":"https:\/\/zonaroja.com.mx\/index.php?rest_route=%2Fwp%2Fv2%2Ftags&post=29729"}],"curies":[{"name":"wp","href":"https:\/\/api.w.org\/{rel}","templated":true}]}}