{"id":29735,"date":"2021-07-14T13:39:33","date_gmt":"2021-07-14T18:39:33","guid":{"rendered":"https:\/\/www.zonaroja.com.mx\/?p=29735"},"modified":"2021-07-16T07:29:03","modified_gmt":"2021-07-16T12:29:03","slug":"retienen-a-elementos-de-la-guardia-nacional-y-corporaciones-estatales-en-textitlan","status":"publish","type":"post","link":"https:\/\/zonaroja.com.mx\/?p=29735","title":{"rendered":"Retienen a elementos de la Guardia Nacional y corporaciones estatales en Textitl\u00e1n"},"content":{"rendered":"\n<p class=\"MsoNormal\">Evlin Arag\u00f3n\/Zona Roja.&nbsp;<\/p>\n\n\n\n<p class=\"MsoNormal\">Oaxaca de Ju\u00e1rez, Oax., 14 de julio de 2021.-\u00a0Al menos 20 elementos de la Guardia Nacional, 10 integrantes de la Polic\u00eda Estatal y 14 trabajadores de la Fiscal\u00eda General de Oaxaca fueron retenidos,\u00a0la noche de este martes, por pobladores de Santiago Textitl\u00e1n, como parte de sus acciones para hacer cumplir los acuerdos firmados con la Secretar\u00eda General de Gobierno (Segego).<\/p>\n\n\n\n<p class=\"MsoNormal\">As\u00ed se report\u00f3 hace unas horas, a la par que se dio a conocer el cierre de los accesos a la comunidad hasta que se garantice la aplicaci\u00f3n de las \u00f3rdenes de aprehensi\u00f3n en contra de los responsables de dos asesinatos y la quema de viviendas, hechos registrados en diciembre pasado derivado del a\u00f1ejo conflicto territorial que enfrentan con&nbsp;Santiago Xochiltepec.&nbsp;<\/p>\n\n\n\n<p class=\"MsoNormal\">Dentro del personal de la Fiscal\u00eda retenido se encuentran: cuatro elementos de la Agencia Estatal de Investigaciones, cinco ministerios p\u00fablicos y cinco peritos, quienes previamente y en compa\u00f1\u00eda de las corporaciones de seguridad se hab\u00edan dado cita en el lugar para realizar las diligencias pendientes.&nbsp;&nbsp;&nbsp;&nbsp;<\/p>\n\n\n\n<p class=\"MsoNormal\">Apenas en mayo pasado, se report\u00f3&nbsp;la quema de dos patrullas y el m\u00f3dulo de la Polic\u00eda Estatal, adem\u00e1s de un ataque armado a elementos de la Secretar\u00eda de Seguridad P\u00fablica de Oaxaca (SSPO), ubicados entre los municipios de Santiago Xochiltepec y Santiago Textitl\u00e1n, en la regi\u00f3n Sierra Sur.&nbsp;&nbsp;<\/p>\n\n\n\n<p class=\"MsoNormal\">Debido al ataque, con armas de grueso calibre, la dependencia moviliz\u00f3 una partida extraordinaria de uniformados quienes arribaron a la zona de conflicto, con alrededor de 20 polic\u00edas, a fin de rescatar a sus compa\u00f1eros a quienes instalaron en un lugar seguro.&nbsp;<\/p>\n\n\n\n<p class=\"MsoNormal\">Posterior a los hechos se ha vivido una gran tensi\u00f3n en dichas comunidades, ello&nbsp;por la disputa de tierras y la presunta exigencia de la entrega de los recursos de los ramos 28 y 33, partidas federales para gasto corriente, servicios y obra p\u00fablica.&nbsp;<\/p>\n\n\n\n<p class=\"MsoNormal\">Fue en diciembre pasado, previo a la Noche Buena, que el conflicto territorial se reaviv\u00f3 y ambas comunidades se acusaron mutuamente de contar con armamento y atacar a balazos a sus vecinos.&nbsp;<\/p>\n\n\n\n<p class=\"MsoNormal\">La agresi\u00f3n armada de finales del 2020, dej\u00f3 como saldo dos personas muertas, as\u00ed como decenas de familias desplazadas de la agencia de R\u00edo Santiago Textitl\u00e1n, ya que sus viviendas fueron cubiertas de balas y saqueadas, de acuerdo con sus propios testimonios.  <\/p>\n","protected":false},"excerpt":{"rendered":"<p>Evlin Arag\u00f3n\/Zona Roja.&nbsp; Oaxaca de Ju\u00e1rez, Oax., 14 de julio de 2021.-\u00a0Al menos 20 elementos&hellip;<\/p>\n","protected":false},"author":2,"featured_media":29734,"comment_status":"closed","ping_status":"open","sticky":false,"template":"","format":"standard","meta":{"_lmt_disableupdate":"","_lmt_disable":"","_jetpack_memberships_contains_paid_content":false,"footnotes":""},"categories":[109,47],"tags":[],"class_list":["post-29735","post","type-post","status-publish","format-standard","has-post-thumbnail","hentry","category-minuto-a-minuto","category-zona-gris"],"jetpack_featured_media_url":"https:\/\/zonaroja.com.mx\/wp-content\/uploads\/2021\/07\/590897d5-8f86-46d8-bc19-0bd673c6b928.jpg","jetpack_sharing_enabled":true,"_links":{"self":[{"href":"https:\/\/zonaroja.com.mx\/index.php?rest_route=\/wp\/v2\/posts\/29735","targetHints":{"allow":["GET"]}}],"collection":[{"href":"https:\/\/zonaroja.com.mx\/index.php?rest_route=\/wp\/v2\/posts"}],"about":[{"href":"https:\/\/zonaroja.com.mx\/index.php?rest_route=\/wp\/v2\/types\/post"}],"author":[{"embeddable":true,"href":"https:\/\/zonaroja.com.mx\/index.php?rest_route=\/wp\/v2\/users\/2"}],"replies":[{"embeddable":true,"href":"https:\/\/zonaroja.com.mx\/index.php?rest_route=%2Fwp%2Fv2%2Fcomments&post=29735"}],"version-history":[{"count":2,"href":"https:\/\/zonaroja.com.mx\/index.php?rest_route=\/wp\/v2\/posts\/29735\/revisions"}],"predecessor-version":[{"id":29796,"href":"https:\/\/zonaroja.com.mx\/index.php?rest_route=\/wp\/v2\/posts\/29735\/revisions\/29796"}],"wp:featuredmedia":[{"embeddable":true,"href":"https:\/\/zonaroja.com.mx\/index.php?rest_route=\/wp\/v2\/media\/29734"}],"wp:attachment":[{"href":"https:\/\/zonaroja.com.mx\/index.php?rest_route=%2Fwp%2Fv2%2Fmedia&parent=29735"}],"wp:term":[{"taxonomy":"category","embeddable":true,"href":"https:\/\/zonaroja.com.mx\/index.php?rest_route=%2Fwp%2Fv2%2Fcategories&post=29735"},{"taxonomy":"post_tag","embeddable":true,"href":"https:\/\/zonaroja.com.mx\/index.php?rest_route=%2Fwp%2Fv2%2Ftags&post=29735"}],"curies":[{"name":"wp","href":"https:\/\/api.w.org\/{rel}","templated":true}]}}