{"id":29737,"date":"2021-07-14T15:30:13","date_gmt":"2021-07-14T20:30:13","guid":{"rendered":"http:\/\/www.zonaroja.com.mx\/?p=29737"},"modified":"2021-07-14T15:30:15","modified_gmt":"2021-07-14T20:30:15","slug":"oaxaca-a-la-vanguardia-con-ley-que-reconoce-la-violencia-simbolica","status":"publish","type":"post","link":"https:\/\/zonaroja.com.mx\/?p=29737","title":{"rendered":"Oaxaca a la vanguardia con ley que reconoce la violencia simb\u00f3lica"},"content":{"rendered":"\n<p>Evlin Arag\u00f3n\/Zona Roja.<\/p>\n\n\n\n<p>Oaxaca de Ju\u00e1rez, Oax., 14 de julio de 2021.- \u201cReconocer la violencia simb\u00f3lica es de alta trascendencia a nivel nacional\u201d destacaron integrantes de Consorcio Oaxaca, luego de la aprobaci\u00f3n de la reforma a la ley que impide la utilizaci\u00f3n del recurso p\u00fablico para la realizaci\u00f3n de concursos y cert\u00e1menes de belleza.&nbsp;<\/p>\n\n\n\n<p>De acuerdo con la organizaci\u00f3n feminista, la entidad oaxaque\u00f1a se pone a la vanguardia nuevamente al ser la primera, en todo el pa\u00eds, en aprobar una reforma de este tipo, en la que se coloca directamente el tema de la violencia simb\u00f3lica, como otra forma de agresi\u00f3n a las mujeres.&nbsp;<\/p>\n\n\n\n<p>En este sentido, explic\u00f3 que la reforma al Art\u00edculo 18Bis de la Ley Estatal de Acceso de las Mujeres a una Vida Libre de Violencia de G\u00e9nero, proh\u00edbe usar recursos p\u00fablicos en evento que eval\u00faen caracter\u00edsticas f\u00edsicas de ni\u00f1as, adolescentes y mujeres.&nbsp;<\/p>\n\n\n\n<p>As\u00ed mismo, y de manera particular, impide que las instituciones gubernamentales consideren estos eventos como campa\u00f1a de promoci\u00f3n tur\u00edstica o publicidad oficial toda vez que promueven estereotipos sexistas y discriminen a las mujeres por su aspecto f\u00edsico.<\/p>\n\n\n\n<p>Por lo anterior, reconoci\u00f3 al Congreso local por la aprobaci\u00f3n de la reforma impulsada por la diputada Magaly L\u00f3pez Dom\u00ednguez, integrante del Grupo Parlamentario de Morena, y dictaminada por la Comisi\u00f3n Permanente de Igualdad de G\u00e9nero de la 64 Legislatura.&nbsp;<\/p>\n\n\n\n<p>A partir de la reforma, la ley proh\u00edbe a los municipios, dependencias estatales, as\u00ed como a los \u00f3rganos aut\u00f3nomos, destinar publicidad oficial o todo tipo de subsidios para la promoci\u00f3n de estas actividades.<\/p>\n\n\n\n<p>La violencia simb\u00f3lica representa el conjunto de agresiones m\u00e1s complicadas de identificar, ya que se trata de una manera continua de pensar y actuar que naturaliza y reproduce la subordinaci\u00f3n y el maltrato, especialmente hacia las mujeres.<\/p>\n\n\n\n<p>La feminista y acad\u00e9mica Rita Segato, se\u00f1ala que este tipo de violencia es dif\u00edcilmente codificable y es m\u00e1s efectiva cuanto m\u00e1s sutil; no se manifiesta f\u00edsicamente, sin embargo, es la que sostiene y da sentido a la estructura jer\u00e1rquica de la sociedad.&nbsp;<\/p>\n\n\n\n<p>Por ello la llama violencia moral y la define como un eficiente mecanismo de control social y de reproducci\u00f3n de desigualdades, que tiene tres caracter\u00edsticas: diseminaci\u00f3n masiva, arraigo en la sociedad y las familias, y falta de definiciones o formas de nombrarla.<\/p>\n\n\n\n<p>De ah\u00ed la relevancia de reconocerla, tipificarla como delito y sancionar a quienes la ejerzan.<\/p>\n","protected":false},"excerpt":{"rendered":"<p>Evlin Arag\u00f3n\/Zona Roja. Oaxaca de Ju\u00e1rez, Oax., 14 de julio de 2021.- \u201cReconocer la violencia&hellip;<\/p>\n","protected":false},"author":2,"featured_media":29738,"comment_status":"closed","ping_status":"open","sticky":false,"template":"","format":"standard","meta":{"_lmt_disableupdate":"","_lmt_disable":"","_jetpack_memberships_contains_paid_content":false,"footnotes":""},"categories":[109,46],"tags":[192],"class_list":["post-29737","post","type-post","status-publish","format-standard","has-post-thumbnail","hentry","category-minuto-a-minuto","category-zona-blanca","tag-diputada-magaly-lopez-dominguez"],"jetpack_featured_media_url":"https:\/\/zonaroja.com.mx\/wp-content\/uploads\/2021\/07\/Consorcio-Oaxaca-violencia-simbolica.jpg","jetpack_sharing_enabled":true,"_links":{"self":[{"href":"https:\/\/zonaroja.com.mx\/index.php?rest_route=\/wp\/v2\/posts\/29737","targetHints":{"allow":["GET"]}}],"collection":[{"href":"https:\/\/zonaroja.com.mx\/index.php?rest_route=\/wp\/v2\/posts"}],"about":[{"href":"https:\/\/zonaroja.com.mx\/index.php?rest_route=\/wp\/v2\/types\/post"}],"author":[{"embeddable":true,"href":"https:\/\/zonaroja.com.mx\/index.php?rest_route=\/wp\/v2\/users\/2"}],"replies":[{"embeddable":true,"href":"https:\/\/zonaroja.com.mx\/index.php?rest_route=%2Fwp%2Fv2%2Fcomments&post=29737"}],"version-history":[{"count":1,"href":"https:\/\/zonaroja.com.mx\/index.php?rest_route=\/wp\/v2\/posts\/29737\/revisions"}],"predecessor-version":[{"id":29739,"href":"https:\/\/zonaroja.com.mx\/index.php?rest_route=\/wp\/v2\/posts\/29737\/revisions\/29739"}],"wp:featuredmedia":[{"embeddable":true,"href":"https:\/\/zonaroja.com.mx\/index.php?rest_route=\/wp\/v2\/media\/29738"}],"wp:attachment":[{"href":"https:\/\/zonaroja.com.mx\/index.php?rest_route=%2Fwp%2Fv2%2Fmedia&parent=29737"}],"wp:term":[{"taxonomy":"category","embeddable":true,"href":"https:\/\/zonaroja.com.mx\/index.php?rest_route=%2Fwp%2Fv2%2Fcategories&post=29737"},{"taxonomy":"post_tag","embeddable":true,"href":"https:\/\/zonaroja.com.mx\/index.php?rest_route=%2Fwp%2Fv2%2Ftags&post=29737"}],"curies":[{"name":"wp","href":"https:\/\/api.w.org\/{rel}","templated":true}]}}