{"id":29740,"date":"2021-07-14T16:08:59","date_gmt":"2021-07-14T21:08:59","guid":{"rendered":"http:\/\/www.zonaroja.com.mx\/?p=29740"},"modified":"2021-07-14T16:09:02","modified_gmt":"2021-07-14T21:09:02","slug":"presentan-iniciativa-ciudadana-para-legalizar-el-transporte-de-mototaxis","status":"publish","type":"post","link":"https:\/\/zonaroja.com.mx\/?p=29740","title":{"rendered":"Presentan iniciativa ciudadana para legalizar el transporte de mototaxis"},"content":{"rendered":"\n<p>Redacci\u00f3n\/Zona Roja.<\/p>\n\n\n\n<p>Oaxaca de Ju\u00e1rez, Oax., 14 de julio de 2021.- Integrantes del Movimiento de Izquierda Revolucionaria Oaxaca presentaron ante la 64 Legislatura local, una iniciativa ciudadana para reconocer la figura legal del transporte en su modalidad de mototaxi, la cual fue derogada de la Ley de Movilidad en el 2020.<\/p>\n\n\n\n<p>Lo anterior ha generado incertidumbre, adem\u00e1s de un grave da\u00f1o, a quienes se dedican a trabajar en este sector, se\u00f1al\u00f3 el vocero de la agrupaci\u00f3n Gregory Tu\u00f1ones quien estuvo acompa\u00f1ado por un grupo de hombres y mujeres estudiantes, quienes ser\u00edan los m\u00e1s afectados ante la intentona de desaparici\u00f3n de este tipo de transporte.<\/p>\n\n\n\n<p>El secretario General de la organizaci\u00f3n, Cristian Garc\u00eda Cruz, precis\u00f3 que con esta iniciativa que han presentado se busca abrogar el decreto 1731 aprobada por los congresistas el pasado mes de septiembre del 2020.<\/p>\n\n\n\n<p>\u201cConsideramos que ese decreto vulnera los derechos de los prestadores de dicho servicio ya que al vencerse su concesi\u00f3n ya no habr\u00eda oportunidad de renovarla dej\u00e1ndolos sin su medio de trabajo; uno de los requisitos para ser concesionario era que la ocupaci\u00f3n de las personas fuera chofer si les quitas la capacidad de renovar les quitas y les violentas el derecho al trabajo\u201d.<\/p>\n\n\n\n<p>Al no existir la figura legal, dijo, existe una gran cantidad de unidades sin regularizar y esto da cabida al desorden, por lo que expuso la necesidad de corregir esta acci\u00f3n.<\/p>\n\n\n\n<p>\u201cLa demanda no est\u00e1 cubierta\u201d, dijo Cristian Garc\u00eda Cruz, quien era acompa\u00f1ado de un grupo de estudiantes y ciudadanos para presentar dicha iniciativa ciudadana.<\/p>\n\n\n\n<p>La propuesta ciudadana fue recibida por el diputado local Horacio Sosa Villavicencio, quien se comprometi\u00f3 a darle seguimiento y poder presentarla ante el pleno del Congreso del Estado, esto al comprometerse a darle el puntual seguimiento para que el gremio as\u00ed como los estudiantes, amas de casa y el rector en general no sean afectados.<\/p>\n\n\n\n<p>A esta iniciativa se suma la reforma al art\u00edculo 114 de la Ley de Movilidad en donde se establece que el procedimiento para el otorgamiento de las concesiones para prestar el servicio de transporte de pasajeros y de carga, se sujetar\u00e1 a lo siguiente:<\/p>\n\n\n\n<p>I.La Secretar\u00eda, a petici\u00f3n o con anuencia del Ayuntamiento o Ayuntamientos, que se trate, realizar\u00e1 los estudios t\u00e9cnicos para justificar la necesidad del servicio.<\/p>\n\n\n\n<p>IV.La Secretar\u00eda remitir\u00e1 al&nbsp; Gobernador del Estado la determinaci\u00f3n final sobre la capacidad e idoneidad de los solicitantes,<\/p>\n\n\n\n<p>En tanto la propuesta pretende que el procedimiento para el otorgamiento de las concesiones para prestar el servicio de transporte de pasajeros y de carga, se sujetar\u00e1 a lo siguiente:<\/p>\n\n\n\n<p>I. La Secretar\u00eda, a petici\u00f3n de los particulares o interesados, realizar\u00e1 los estudios t\u00e9cnicos para justificar la necesidad del servicio.<\/p>\n\n\n\n<p>IV. La Secretar\u00eda remitir\u00e1 al Gobernador del Estado la determinaci\u00f3n final sobre la capacidad e idoneidad de los solicitantes, bajo el principio de paridad de g\u00e9nero.<\/p>\n\n\n\n<p><\/p>\n","protected":false},"excerpt":{"rendered":"<p>Redacci\u00f3n\/Zona Roja. Oaxaca de Ju\u00e1rez, Oax., 14 de julio de 2021.- Integrantes del Movimiento de&hellip;<\/p>\n","protected":false},"author":2,"featured_media":29723,"comment_status":"closed","ping_status":"open","sticky":false,"template":"","format":"standard","meta":{"_lmt_disableupdate":"","_lmt_disable":"","_jetpack_memberships_contains_paid_content":false,"footnotes":""},"categories":[109,46],"tags":[213],"class_list":["post-29740","post","type-post","status-publish","format-standard","has-post-thumbnail","hentry","category-minuto-a-minuto","category-zona-blanca","tag-64-legislatura-de-oaxaca"],"jetpack_featured_media_url":"https:\/\/zonaroja.com.mx\/wp-content\/uploads\/2021\/07\/Iniciativa-ciudadana-mototaxis.jpg","jetpack_sharing_enabled":true,"_links":{"self":[{"href":"https:\/\/zonaroja.com.mx\/index.php?rest_route=\/wp\/v2\/posts\/29740","targetHints":{"allow":["GET"]}}],"collection":[{"href":"https:\/\/zonaroja.com.mx\/index.php?rest_route=\/wp\/v2\/posts"}],"about":[{"href":"https:\/\/zonaroja.com.mx\/index.php?rest_route=\/wp\/v2\/types\/post"}],"author":[{"embeddable":true,"href":"https:\/\/zonaroja.com.mx\/index.php?rest_route=\/wp\/v2\/users\/2"}],"replies":[{"embeddable":true,"href":"https:\/\/zonaroja.com.mx\/index.php?rest_route=%2Fwp%2Fv2%2Fcomments&post=29740"}],"version-history":[{"count":1,"href":"https:\/\/zonaroja.com.mx\/index.php?rest_route=\/wp\/v2\/posts\/29740\/revisions"}],"predecessor-version":[{"id":29741,"href":"https:\/\/zonaroja.com.mx\/index.php?rest_route=\/wp\/v2\/posts\/29740\/revisions\/29741"}],"wp:featuredmedia":[{"embeddable":true,"href":"https:\/\/zonaroja.com.mx\/index.php?rest_route=\/wp\/v2\/media\/29723"}],"wp:attachment":[{"href":"https:\/\/zonaroja.com.mx\/index.php?rest_route=%2Fwp%2Fv2%2Fmedia&parent=29740"}],"wp:term":[{"taxonomy":"category","embeddable":true,"href":"https:\/\/zonaroja.com.mx\/index.php?rest_route=%2Fwp%2Fv2%2Fcategories&post=29740"},{"taxonomy":"post_tag","embeddable":true,"href":"https:\/\/zonaroja.com.mx\/index.php?rest_route=%2Fwp%2Fv2%2Ftags&post=29740"}],"curies":[{"name":"wp","href":"https:\/\/api.w.org\/{rel}","templated":true}]}}