{"id":29743,"date":"2021-07-14T17:08:00","date_gmt":"2021-07-14T22:08:00","guid":{"rendered":"http:\/\/www.zonaroja.com.mx\/?p=29743"},"modified":"2021-07-14T17:08:03","modified_gmt":"2021-07-14T22:08:03","slug":"pandemia-y-paro-complican-atencion-de-usuarios-en-hospital-de-pochutla","status":"publish","type":"post","link":"https:\/\/zonaroja.com.mx\/?p=29743","title":{"rendered":"Pandemia y paro complican atenci\u00f3n de usuarios en hospital de Pochutla"},"content":{"rendered":"\n<p>Evlin Arag\u00f3n\/Zona Roja.<\/p>\n\n\n\n<p>Oaxaca de Ju\u00e1rez, Oax., 14 de julio de 2021.- La pandemia por Covid-19 que a\u00fan se encuentra activa y en su tercera ola de contagios en Oaxaca, sumada a un conflicto interno entre personal sindicalizado, ha puesto en jaque la atenci\u00f3n m\u00e9dica en el Hospital Regional de San Pedro Pochutla.&nbsp;<\/p>\n\n\n\n<p>Aunque la directiva del nosocomio rechaza cualquier tipo de conflicto al interior, y mucho menos las complicaciones en la atenci\u00f3n m\u00e9dica, algunos testimonios dan cuenta de lo contrario.&nbsp;<\/p>\n\n\n\n<p>Tan solo el pasado lunes, un var\u00f3n que se encontraba a la espera de una intervenci\u00f3n para ser dializado, debido a la diabetes que le aqueja, no pudo recibir la atenci\u00f3n necesaria por los casos de urgencia que se presentaron y fueron priorizados ante la escasez de personal m\u00e9dico.&nbsp;<\/p>\n\n\n\n<p>Lo anterior, pese a los dos d\u00edas que estuvo a la espera. Raz\u00f3n por la que \u00e9l y su acompa\u00f1ante, qui\u00e9n no pudo evitar llorar ante la situaci\u00f3n que enfrentaban, tuvieron que moverse a otro lugar en b\u00fasqueda de obtener atenci\u00f3n especializada.&nbsp;<\/p>\n\n\n\n<p>Una mujer embarazada, un paciente con diagn\u00f3stico de apendicitis y un joven herido con arma blanca tras un asalto, fueron atendidos en calidad de emergencia y por encima de quien horas antes, en compa\u00f1\u00eda de su esposa, esperaba recibir apoyo m\u00e9dico.&nbsp;<\/p>\n\n\n\n<p>\u201cLa atenci\u00f3n ha sido buena. Sin embargo, por el paro de labores se ha visto limitada la labor m\u00e9dica\u201d, refiere uno de los testimonios.&nbsp;<\/p>\n\n\n\n<p>Dentro de los casos de emergencia que se registraron recientemente, se encuentra la atenci\u00f3n de un joven, de tan solo 17 a\u00f1os, quien result\u00f3 lesionado con arma blanca, tras un asalto violento en inmediaciones de la playa de Zipolite.&nbsp;<\/p>\n\n\n\n<p>Ante las complicaciones que le ha generado la herida, familiares han solicitado apoyo a la ciudadan\u00eda para obtener seis donadores de sangre.&nbsp;<\/p>\n\n\n\n<p>\u201cLes pido por favor si alguien tiene familiares o amigos cerca del Hospital General Regional de San Pedro Pochutla, Oaxaca, M\u00e9xico. Me ayuden a compartirles la siguiente informaci\u00f3n se necesitan donadores de sangre s\u00e9 que con la pandemia no es f\u00e1cil tomar la decisi\u00f3n de ir a un hospital, pero tengo fe que hay personas dispuestas\u201d, refiere una publicaci\u00f3n de familiares del joven, en las redes sociales&nbsp;<\/p>\n\n\n\n<p>La misma refiere que los donadores pueden presentarse a nombre de la se\u00f1ora Mari\u00e1ngel Calder\u00f3n o del paciente registrado en la cama 4 del Hospital Regional de San Pedro Pochutla y que se encuentra a la espera de la buena voluntad de la poblaci\u00f3n.<\/p>\n","protected":false},"excerpt":{"rendered":"<p>Evlin Arag\u00f3n\/Zona Roja. Oaxaca de Ju\u00e1rez, Oax., 14 de julio de 2021.- La pandemia por&hellip;<\/p>\n","protected":false},"author":2,"featured_media":29744,"comment_status":"closed","ping_status":"open","sticky":false,"template":"","format":"standard","meta":{"_lmt_disableupdate":"","_lmt_disable":"","_jetpack_memberships_contains_paid_content":false,"footnotes":""},"categories":[109,47],"tags":[1605],"class_list":["post-29743","post","type-post","status-publish","format-standard","has-post-thumbnail","hentry","category-minuto-a-minuto","category-zona-gris","tag-hospital-san-pedro-pochutla"],"jetpack_featured_media_url":"https:\/\/zonaroja.com.mx\/wp-content\/uploads\/2021\/07\/Hospital-Pochutla.jpg","jetpack_sharing_enabled":true,"_links":{"self":[{"href":"https:\/\/zonaroja.com.mx\/index.php?rest_route=\/wp\/v2\/posts\/29743","targetHints":{"allow":["GET"]}}],"collection":[{"href":"https:\/\/zonaroja.com.mx\/index.php?rest_route=\/wp\/v2\/posts"}],"about":[{"href":"https:\/\/zonaroja.com.mx\/index.php?rest_route=\/wp\/v2\/types\/post"}],"author":[{"embeddable":true,"href":"https:\/\/zonaroja.com.mx\/index.php?rest_route=\/wp\/v2\/users\/2"}],"replies":[{"embeddable":true,"href":"https:\/\/zonaroja.com.mx\/index.php?rest_route=%2Fwp%2Fv2%2Fcomments&post=29743"}],"version-history":[{"count":1,"href":"https:\/\/zonaroja.com.mx\/index.php?rest_route=\/wp\/v2\/posts\/29743\/revisions"}],"predecessor-version":[{"id":29745,"href":"https:\/\/zonaroja.com.mx\/index.php?rest_route=\/wp\/v2\/posts\/29743\/revisions\/29745"}],"wp:featuredmedia":[{"embeddable":true,"href":"https:\/\/zonaroja.com.mx\/index.php?rest_route=\/wp\/v2\/media\/29744"}],"wp:attachment":[{"href":"https:\/\/zonaroja.com.mx\/index.php?rest_route=%2Fwp%2Fv2%2Fmedia&parent=29743"}],"wp:term":[{"taxonomy":"category","embeddable":true,"href":"https:\/\/zonaroja.com.mx\/index.php?rest_route=%2Fwp%2Fv2%2Fcategories&post=29743"},{"taxonomy":"post_tag","embeddable":true,"href":"https:\/\/zonaroja.com.mx\/index.php?rest_route=%2Fwp%2Fv2%2Ftags&post=29743"}],"curies":[{"name":"wp","href":"https:\/\/api.w.org\/{rel}","templated":true}]}}