{"id":29746,"date":"2021-07-14T19:33:40","date_gmt":"2021-07-15T00:33:40","guid":{"rendered":"http:\/\/www.zonaroja.com.mx\/?p=29746"},"modified":"2021-07-14T19:33:42","modified_gmt":"2021-07-15T00:33:42","slug":"crisis-en-salud-por-no-solventar-presupuesto-heine-no-comprueba-1500-mdp","status":"publish","type":"post","link":"https:\/\/zonaroja.com.mx\/?p=29746","title":{"rendered":"Crisis en Salud, por no solventar presupuesto; Heine no comprueba 1,500 mdp"},"content":{"rendered":"\n<p>Evlin Arag\u00f3n\/Zona Roja.<\/p>\n\n\n\n<p>Oaxaca de Ju\u00e1rez, Oax., 14 de julio de 2021.- El secretario de Salud en Oaxaca, Juan Carlos M\u00e1rquez Heine, no ha podido comprobar mil 500 millones de pesos del presupuesto del Instituto de Salud para el Bienestar (INSABI) del 2020 y por ello la Federaci\u00f3n no ha destinado recurso para este a\u00f1o.&nbsp;&nbsp;<\/p>\n\n\n\n<p>As\u00ed lo dio a conocer Alberto V\u00e1zquez San Germ\u00e1n, secretario general de la Subsecci\u00f3n 07 del Sindicato Nacional de Trabajadores de la Secretar\u00eda de Salud, en el Hospital Civil \u201cDr. Aurelio Valdivieso\u201d, quien responsabiliz\u00f3 al funcionario de las muertes que por falta de medicamentos e insumos se puedan registrar.&nbsp;<\/p>\n\n\n\n<p>Lo anterior, tras reunirse hoy con integrantes de la Comisi\u00f3n Permanente de Salud de la 64 Legislatura del Congreso local, a quienes relataron las condiciones en las que se encuentra el nosocomio y la urgente necesidad de atenci\u00f3n por parte de las autoridades.&nbsp;<\/p>\n\n\n\n<p>\u201cEst\u00e1 bien que no sea del estado (Heine), que nunca haya radicado aqu\u00ed ni haya crecido con la poblaci\u00f3n oaxaque\u00f1a, pero no por eso debe de ser insensible a las necesidades de la poblaci\u00f3n\u201d, refiri\u00f3 a las afueras del recinto Legislativo.&nbsp;&nbsp;<\/p>\n\n\n\n<p>En este sentido, el dirigente sindical celebr\u00f3 la apertura y compromiso de las y los diputados que, a diferencia del titular del Poder Ejecutivo, solicitaron una mesa de trabajo con el secretario de Salud a la cual se comprometieron a estar presentes y darle seguimiento para que no se quede solo en promesas.\u00a0<\/p>\n\n\n\n<figure class=\"wp-block-embed-twitter wp-block-embed is-type-rich is-provider-twitter\"><div class=\"wp-block-embed__wrapper\">\n<div class=\"twitter-tweet\"><blockquote class=\"twitter-tweet\" data-lang=\"es\"><p lang=\"es\" dir=\"ltr\"><a href=\"https:\/\/twitter.com\/hashtag\/%C3%9AltimoMinuto?src=hash&amp;ref_src=twsrc%5Etfw\">#\u00daltimoMinuto<\/a> <br>En su segundo d\u00eda deparo de labores, sindicalizados del Hospital Civil acudieron al Congreso del Estado.<br>Al t\u00e9rmino, su dirigente Alberto V\u00e1zquez San Germ\u00e1n, lament\u00f3 la negativa del titular de los <a href=\"https:\/\/twitter.com\/SSO_GobOax?ref_src=twsrc%5Etfw\">@SSO_GobOax<\/a>, <a href=\"https:\/\/twitter.com\/JC_MarquezH?ref_src=twsrc%5Etfw\">@JC_MarquezH<\/a>, de atenderlos. <a href=\"https:\/\/t.co\/0e4AWxMpqW\">pic.twitter.com\/0e4AWxMpqW<\/a><\/p>&mdash; Zona Roja Oaxaca (@Zona_Roja_Oax) <a href=\"https:\/\/twitter.com\/Zona_Roja_Oax\/status\/1415423933067706370?ref_src=twsrc%5Etfw\">14 de julio de 2021<\/a><\/blockquote><\/div>\n<\/div><\/figure>\n\n\n\n<p>V\u00e1zquez San Germ\u00e1n explic\u00f3 que la problem\u00e1tica al interior del Hospital Civil es real y no se trata de un intento por desacreditar la administraci\u00f3n estatal, la cual innegablemente se encuentra en crisis financiera, como ha quedado de manifiesto en los \u00faltimos d\u00edas que se han dado a conocer los adeudos.&nbsp;<\/p>\n\n\n\n<p>Record\u00f3 que no est\u00e1n pidiendo aumento salarial, bono o recodificaciones, por el contrario, se trata de la exigencia de medicamentos y material para poder dar la atenci\u00f3n puntual a la comunidad de usuarios, mayoritariamente de escasos recursos.&nbsp;<\/p>\n\n\n\n<p>SEGUNDO D\u00cdA<\/p>\n\n\n\n<p>Este mi\u00e9rcoles, el personal sindicalizado del centro m\u00e9dico llev\u00f3 a cabo su segundo d\u00eda de protestas, en donde dio a conocer que lejos de ser atendidos por la autoridad estatal, el secretario de Salud se dedic\u00f3 a denostar el trabajo que se realiza por parte del personal.&nbsp;<\/p>\n\n\n\n<p>Adem\u00e1s, insisti\u00f3 que la dependencia no ha podido solventar recursos ejercidos y por ende no ha recibo la aportaci\u00f3n por parte de la Federaci\u00f3n, misma que debe complementar el gobierno de Oaxaca, acci\u00f3n que tampoco ha hecho desde ya varios a\u00f1os.&nbsp;<\/p>\n","protected":false},"excerpt":{"rendered":"<p>Evlin Arag\u00f3n\/Zona Roja. Oaxaca de Ju\u00e1rez, Oax., 14 de julio de 2021.- El secretario de&hellip;<\/p>\n","protected":false},"author":2,"featured_media":29747,"comment_status":"closed","ping_status":"open","sticky":false,"template":"","format":"standard","meta":{"_lmt_disableupdate":"","_lmt_disable":"","_jetpack_memberships_contains_paid_content":false,"footnotes":""},"categories":[109,47],"tags":[1664,1005],"class_list":["post-29746","post","type-post","status-publish","format-standard","has-post-thumbnail","hentry","category-minuto-a-minuto","category-zona-gris","tag-alberto-vasquez-san-german","tag-servicios-de-salud-de-oaxaca-sso"],"jetpack_featured_media_url":"https:\/\/zonaroja.com.mx\/wp-content\/uploads\/2021\/07\/Bloqueo-Subseccion-07-Hospital-Civil.jpg","jetpack_sharing_enabled":true,"_links":{"self":[{"href":"https:\/\/zonaroja.com.mx\/index.php?rest_route=\/wp\/v2\/posts\/29746","targetHints":{"allow":["GET"]}}],"collection":[{"href":"https:\/\/zonaroja.com.mx\/index.php?rest_route=\/wp\/v2\/posts"}],"about":[{"href":"https:\/\/zonaroja.com.mx\/index.php?rest_route=\/wp\/v2\/types\/post"}],"author":[{"embeddable":true,"href":"https:\/\/zonaroja.com.mx\/index.php?rest_route=\/wp\/v2\/users\/2"}],"replies":[{"embeddable":true,"href":"https:\/\/zonaroja.com.mx\/index.php?rest_route=%2Fwp%2Fv2%2Fcomments&post=29746"}],"version-history":[{"count":1,"href":"https:\/\/zonaroja.com.mx\/index.php?rest_route=\/wp\/v2\/posts\/29746\/revisions"}],"predecessor-version":[{"id":29748,"href":"https:\/\/zonaroja.com.mx\/index.php?rest_route=\/wp\/v2\/posts\/29746\/revisions\/29748"}],"wp:featuredmedia":[{"embeddable":true,"href":"https:\/\/zonaroja.com.mx\/index.php?rest_route=\/wp\/v2\/media\/29747"}],"wp:attachment":[{"href":"https:\/\/zonaroja.com.mx\/index.php?rest_route=%2Fwp%2Fv2%2Fmedia&parent=29746"}],"wp:term":[{"taxonomy":"category","embeddable":true,"href":"https:\/\/zonaroja.com.mx\/index.php?rest_route=%2Fwp%2Fv2%2Fcategories&post=29746"},{"taxonomy":"post_tag","embeddable":true,"href":"https:\/\/zonaroja.com.mx\/index.php?rest_route=%2Fwp%2Fv2%2Ftags&post=29746"}],"curies":[{"name":"wp","href":"https:\/\/api.w.org\/{rel}","templated":true}]}}