{"id":29749,"date":"2021-07-14T20:51:52","date_gmt":"2021-07-15T01:51:52","guid":{"rendered":"http:\/\/www.zonaroja.com.mx\/?p=29749"},"modified":"2021-07-14T20:51:54","modified_gmt":"2021-07-15T01:51:54","slug":"funcionario-del-registro-civil-de-oaxaca-acusado-de-deudor-alimentario","status":"publish","type":"post","link":"https:\/\/zonaroja.com.mx\/?p=29749","title":{"rendered":"Funcionario del Registro Civil de Oaxaca, acusado de deudor alimentario"},"content":{"rendered":"\n<p>Redacci\u00f3n\/Zona Roja.<\/p>\n\n\n\n<p>Oaxaca de Ju\u00e1rez, Oax., 14 de julio de 2021.- Un Oficial del Registro Civil de Oaxaca fue exhibido como deudor alimentario, al incumplir obligaciones de dar manutenci\u00f3n.<\/p>\n\n\n\n<p>Se trata de Magdiel Axali Cort\u00e9s Cer\u00f3n, asignado a la Oficial\u00eda con sede en San Gabriel Mixtepec, regi\u00f3n de la Costa, y presuntamente protegido del edil de San Pedro Mixtepec, Fredy Gil Pineda Gopar.<\/p>\n\n\n\n<p>Ese organismo del Gobierno del Estado es el responsable de crear una base de datos de tutores irresponsables, pero en su base de datos, obsoleta, s\u00f3lo tiene nueve registros.<\/p>\n\n\n\n<p>Un tendedero de deudores alimentarios fue colocado el pasado lunes por la tarde por colectivos feministas, en que exhibieron fotograf\u00edas de morosos, con nombre y apellido.<\/p>\n\n\n\n<p>Esos hombres fueron exhibidos ante la opini\u00f3n p\u00fablica de no otorgar la pensi\u00f3n alimenticia a los hijos que procrearon con sus ex parejas, que adem\u00e1s son funcionarios y tienen solvencia econ\u00f3mica.<\/p>\n\n\n\n<p>De acuerdo con las denunciantes, los jueces del Tribunal Superior de Justicia del Estado de Oaxaca, tienen que indagar y hacer cumplir la ley, para respaldar plenamente a las madres de familia v\u00edctimas de abandono por parte del progenitor de sus hijos.<\/p>\n\n\n\n<p>De acuerdo con diversos se\u00f1alamientos, Cort\u00e9s Cer\u00f3n en el municipio de San Gabriel Mixtepec es tachado de corrupto y cuenta con varias propiedades y veh\u00edculos de modelo reciente.<\/p>\n\n\n\n<p>Ha estado asignado a distintas oficial\u00edas de la Costa desde hace varios a\u00f1os, donde lo acusan de diversos actos de corrupci\u00f3n.<\/p>\n\n\n\n<p>\u201cSoy un usuario del Registro Civil que acud\u00ed a esta dependencia a realizar un registro extempor\u00e1neo al no existir registro alguno de mi persona, por lo que al entrevistarme con el licenciado Magdiel Axali Cort\u00e9s Cer\u00f3n, me coment\u00f3 que si quer\u00eda un tr\u00e1mite engorroso y burocr\u00e1tico, o si quer\u00eda exceptuar me d\u00e9 alguna documentales para realizar en tr\u00e1mite.<\/p>\n\n\n\n<p>\u201cSu serbidor le contesto que me urg\u00eda el documento de que acredita mi personalidad, cobr\u00e1ndome la excesiva cantidad de $4800 pesos, siendo un abuso y afectando mi bolsa y de mi familia, ojal\u00e1 llegue este mensaje al gobernador del estado y a la directora del registro civil para que tome cartas en el asunto, porque son servidores que se enriquecen a base de nosotros los pobres y de nuestra necesidad\u201d, es una de las tantas denuncias de los usuarios.<\/p>\n","protected":false},"excerpt":{"rendered":"<p>Redacci\u00f3n\/Zona Roja. Oaxaca de Ju\u00e1rez, Oax., 14 de julio de 2021.- Un Oficial del Registro&hellip;<\/p>\n","protected":false},"author":2,"featured_media":29750,"comment_status":"closed","ping_status":"open","sticky":false,"template":"","format":"standard","meta":{"_lmt_disableupdate":"","_lmt_disable":"","_jetpack_memberships_contains_paid_content":false,"footnotes":""},"categories":[109,47],"tags":[],"class_list":["post-29749","post","type-post","status-publish","format-standard","has-post-thumbnail","hentry","category-minuto-a-minuto","category-zona-gris"],"jetpack_featured_media_url":"https:\/\/zonaroja.com.mx\/wp-content\/uploads\/2021\/07\/Magdiel-Axali-Cortes-Ceron.jpg","jetpack_sharing_enabled":true,"_links":{"self":[{"href":"https:\/\/zonaroja.com.mx\/index.php?rest_route=\/wp\/v2\/posts\/29749","targetHints":{"allow":["GET"]}}],"collection":[{"href":"https:\/\/zonaroja.com.mx\/index.php?rest_route=\/wp\/v2\/posts"}],"about":[{"href":"https:\/\/zonaroja.com.mx\/index.php?rest_route=\/wp\/v2\/types\/post"}],"author":[{"embeddable":true,"href":"https:\/\/zonaroja.com.mx\/index.php?rest_route=\/wp\/v2\/users\/2"}],"replies":[{"embeddable":true,"href":"https:\/\/zonaroja.com.mx\/index.php?rest_route=%2Fwp%2Fv2%2Fcomments&post=29749"}],"version-history":[{"count":1,"href":"https:\/\/zonaroja.com.mx\/index.php?rest_route=\/wp\/v2\/posts\/29749\/revisions"}],"predecessor-version":[{"id":29751,"href":"https:\/\/zonaroja.com.mx\/index.php?rest_route=\/wp\/v2\/posts\/29749\/revisions\/29751"}],"wp:featuredmedia":[{"embeddable":true,"href":"https:\/\/zonaroja.com.mx\/index.php?rest_route=\/wp\/v2\/media\/29750"}],"wp:attachment":[{"href":"https:\/\/zonaroja.com.mx\/index.php?rest_route=%2Fwp%2Fv2%2Fmedia&parent=29749"}],"wp:term":[{"taxonomy":"category","embeddable":true,"href":"https:\/\/zonaroja.com.mx\/index.php?rest_route=%2Fwp%2Fv2%2Fcategories&post=29749"},{"taxonomy":"post_tag","embeddable":true,"href":"https:\/\/zonaroja.com.mx\/index.php?rest_route=%2Fwp%2Fv2%2Ftags&post=29749"}],"curies":[{"name":"wp","href":"https:\/\/api.w.org\/{rel}","templated":true}]}}