{"id":29768,"date":"2021-07-15T07:47:02","date_gmt":"2021-07-15T12:47:02","guid":{"rendered":"http:\/\/www.zonaroja.com.mx\/?p=29768"},"modified":"2021-07-15T07:47:04","modified_gmt":"2021-07-15T12:47:04","slug":"mandan-a-prision-a-guardia-nacional-acusado-de-secuestro-en-oaxaca","status":"publish","type":"post","link":"https:\/\/zonaroja.com.mx\/?p=29768","title":{"rendered":"Mandan a prisi\u00f3n a Guardia Nacional acusado de secuestro en Oaxaca"},"content":{"rendered":"\n<p>Redacci\u00f3n\/Zona Roja.<\/p>\n\n\n\n<p>Oaxaca de Ju\u00e1rez, Oax., 15 de julio de 2021.- Un juez de la causa vincul\u00f3 a proceso a Israel J. M., elemento de la Guardia Nacional, acusado del delito de secuestro y detenido el flagrancia el pasado 7 de julio de este a\u00f1o.<\/p>\n\n\n\n<p>De acuerdo con la Fiscal\u00eda General del Estado de Oaxaca, es en agravio de una persona a quien detuvieron varios elementos, el 6 de julio, por delitos federales, pero en lugar de ponerlo a disposici\u00f3n de un fiscal, lo llevaron a una casa de seguridad en San Pablo, Etla, para pedirle la cantidad de 200 mil pesos y los documentos de la unidad de motor.<\/p>\n\n\n\n<p>La Fiscal\u00eda detall\u00f3 que de acuerdo con la Carpeta de Investigaci\u00f3n 22563\/FDAI\/UECS\/2021, el 6 de julio de 2021, la v\u00edctima fue privada de su libertad cuando se desplazaba a bordo de una unidad de motor procedente de Miahuatl\u00e1n y con rumbo a Huajuapan de Le\u00f3n.<\/p>\n\n\n\n<p>Tras ser detenido, fue llevado a una casa de seguridad ubicada en el fraccionamiento El Manantial en San Pablo, Etla.<\/p>\n\n\n\n<p>Los probables secuestradores contactaron v\u00eda telef\u00f3nica a los familiares de la v\u00edctima a quienes exigieron una fuerte suma de dinero y los papeles del veh\u00edculo a cambio de su liberaci\u00f3n.<\/p>\n\n\n\n<p>Posteriormente, el pasado 7 de julio de 2021, elementos de la Unidad de Especializada de Combate al Secuestro y de la Agencia Estatal de Investigaciones (AEI), detectaron la casa de seguridad en la que se encontraba la v\u00edctima que fue rescatada cuando estaba bajo el resguardo del imputado.<\/p>\n\n\n\n<p>En audiencia y tras validar los datos de prueba proporcionados por la Fiscal\u00eda Especializada en Atenci\u00f3n a Delitos de Alto Impacto, el juez en turno determin\u00f3 vincular a proceso al imputado, a quien impuso la medida cautelar de prisi\u00f3n preventiva oficiosa y otorg\u00f3 cuatro meses para el cierre de investigaci\u00f3n complementaria.<\/p>\n\n\n\n<p>Durante el operativo para el pago del rescate, el pasado 7 de julio, hubo un enfrentamiento con agentes Estatales de Investigaci\u00f3n y result\u00f3 lesionado el capit\u00e1n inspector de la Guardia Nacional Daniel, quien perdi\u00f3 la vida al ingresar a un hospital de la ciudad capital.<\/p>\n","protected":false},"excerpt":{"rendered":"<p>Redacci\u00f3n\/Zona Roja. Oaxaca de Ju\u00e1rez, Oax., 15 de julio de 2021.- Un juez de la&hellip;<\/p>\n","protected":false},"author":2,"featured_media":29762,"comment_status":"closed","ping_status":"open","sticky":false,"template":"","format":"standard","meta":{"_lmt_disableupdate":"","_lmt_disable":"","_jetpack_memberships_contains_paid_content":false,"footnotes":""},"categories":[109,47],"tags":[494],"class_list":["post-29768","post","type-post","status-publish","format-standard","has-post-thumbnail","hentry","category-minuto-a-minuto","category-zona-gris","tag-fiscalia-general-del-estado-de-oaxaca"],"jetpack_featured_media_url":"https:\/\/zonaroja.com.mx\/wp-content\/uploads\/2021\/07\/Israel-Juaez-Molina-Guardia-Nacional-1.jpg","jetpack_sharing_enabled":true,"_links":{"self":[{"href":"https:\/\/zonaroja.com.mx\/index.php?rest_route=\/wp\/v2\/posts\/29768","targetHints":{"allow":["GET"]}}],"collection":[{"href":"https:\/\/zonaroja.com.mx\/index.php?rest_route=\/wp\/v2\/posts"}],"about":[{"href":"https:\/\/zonaroja.com.mx\/index.php?rest_route=\/wp\/v2\/types\/post"}],"author":[{"embeddable":true,"href":"https:\/\/zonaroja.com.mx\/index.php?rest_route=\/wp\/v2\/users\/2"}],"replies":[{"embeddable":true,"href":"https:\/\/zonaroja.com.mx\/index.php?rest_route=%2Fwp%2Fv2%2Fcomments&post=29768"}],"version-history":[{"count":1,"href":"https:\/\/zonaroja.com.mx\/index.php?rest_route=\/wp\/v2\/posts\/29768\/revisions"}],"predecessor-version":[{"id":29769,"href":"https:\/\/zonaroja.com.mx\/index.php?rest_route=\/wp\/v2\/posts\/29768\/revisions\/29769"}],"wp:featuredmedia":[{"embeddable":true,"href":"https:\/\/zonaroja.com.mx\/index.php?rest_route=\/wp\/v2\/media\/29762"}],"wp:attachment":[{"href":"https:\/\/zonaroja.com.mx\/index.php?rest_route=%2Fwp%2Fv2%2Fmedia&parent=29768"}],"wp:term":[{"taxonomy":"category","embeddable":true,"href":"https:\/\/zonaroja.com.mx\/index.php?rest_route=%2Fwp%2Fv2%2Fcategories&post=29768"},{"taxonomy":"post_tag","embeddable":true,"href":"https:\/\/zonaroja.com.mx\/index.php?rest_route=%2Fwp%2Fv2%2Ftags&post=29768"}],"curies":[{"name":"wp","href":"https:\/\/api.w.org\/{rel}","templated":true}]}}