{"id":29770,"date":"2021-07-15T08:24:51","date_gmt":"2021-07-15T13:24:51","guid":{"rendered":"http:\/\/www.zonaroja.com.mx\/?p=29770"},"modified":"2021-07-15T08:24:53","modified_gmt":"2021-07-15T13:24:53","slug":"suman-dos-dias-y-aumenta-numero-de-retenidos-en-textitlan-queman-patrulla","status":"publish","type":"post","link":"https:\/\/zonaroja.com.mx\/?p=29770","title":{"rendered":"Suman dos d\u00edas y aumenta n\u00famero de retenidos en Textitl\u00e1n; queman patrulla"},"content":{"rendered":"\n<p>Ismael Garc\u00eda M.\/Zona Roja.<\/p>\n\n\n\n<p>Oaxaca de Ju\u00e1rez, Oax., 15 de julio de 2021.- Por segundo d\u00eda consecutivo, pobladores de Santiago Textitl\u00e1n retienen a m\u00e1s de 40 elementos de la Guardia Nacional, Polic\u00eda Estatal y de la Fiscal\u00eda General del Estado de Oaxaca.<\/p>\n\n\n\n<p>Y anoche incrementaron sus acciones, al retener a dos funcionarios de la Secretar\u00eda General de Gobierno y uno de la Secretar\u00eda de Gobernaci\u00f3n, adem\u00e1s de golpearlos y quemar una patrulla.<\/p>\n\n\n\n<p>\u201cNo van a salir, van a estar ac\u00e1; queremos que venga el gobernador Alejandro Murat a dialogar con nosotros\u201d, difundieron anoche a trav\u00e9s de un video que circularon.<\/p>\n\n\n\n<p>Principalmente son pobladores de la agencia de R\u00edo Santiago que reclaman que fueron desplazados de su comunidad desde hace seis meses, sin que haya ninguna atenci\u00f3n por parte de la Secretar\u00eda General de Gobierno (Segego), a cargo de Francisco Garc\u00eda L\u00f3pez.<\/p>\n\n\n\n<p>Desde el martes por la noche fueron retenidos al menos 20 elementos de la Guardia Nacional, 10 integrantes de la Polic\u00eda Estatal y 14 trabajadores de la Fiscal\u00eda de Oaxaca , como parte de sus acciones para hacer cumplir los acuerdos firmados con la Segego.\u00a0<\/p>\n\n\n\n<figure class=\"wp-block-embed-twitter wp-block-embed is-type-rich is-provider-twitter\"><div class=\"wp-block-embed__wrapper\">\n<div class=\"twitter-tweet\"><blockquote class=\"twitter-tweet\" data-lang=\"es\"><p lang=\"es\" dir=\"ltr\">As\u00ed fueron retenidos desde anoche en Santiago <a href=\"https:\/\/twitter.com\/hashtag\/Textitl%C3%A1n?src=hash&amp;ref_src=twsrc%5Etfw\">#Textitl\u00e1n<\/a>, elementos de la Guardia Nacional,Polic\u00eda Estatal y Fiscal\u00eda General del Estado de <a href=\"https:\/\/twitter.com\/hashtag\/Oaxaca?src=hash&amp;ref_src=twsrc%5Etfw\">#Oaxaca<\/a>.<br>Exigen presencia del gobernador Alejandro Murat Hinojosa, para que sean liberados.<br>Deriv\u00f3 por incumplimientos de la <a href=\"https:\/\/twitter.com\/SEGEGO_GobOax?ref_src=twsrc%5Etfw\">@SEGEGO_GobOax<\/a>. <a href=\"https:\/\/t.co\/D65k6E6UXZ\">pic.twitter.com\/D65k6E6UXZ<\/a><\/p>&mdash; Zona Roja Oaxaca (@Zona_Roja_Oax) <a href=\"https:\/\/twitter.com\/Zona_Roja_Oax\/status\/1415463520062349313?ref_src=twsrc%5Etfw\">15 de julio de 2021<\/a><\/blockquote><\/div>\n<\/div><\/figure>\n\n\n\n<p>La ma\u00f1ana de hoy, en entrevista con \u201cEl Heraldo Radio\u201d, el titular de la Fiscal\u00eda General de Oaxaca, Arturo Peimbert Calvo, evit\u00f3 dar detalles del personal a su cargo que fue retenido.<\/p>\n\n\n\n<p>\u201cHay mecanismos de interlocuci\u00f3n que hemos generado con la Secretar\u00eda General de Gobierno, para tratar de sensibilizar que son medidas que evidentemente deben reconsiderar, porque est\u00e1n fuera del marco legal, porque las personas que est\u00e1n en la comunidad est\u00e1n desempe\u00f1ando una actividad muy importante.<\/p>\n\n\n\n<p>\u201cY m\u00e1s all\u00e1 de lo que pudieran estar inconformes, pues nosotros defendemos que la v\u00eda de la legaldiad es la via id\u00f3nea para poder inconformarse; y si existe alguna queja por alg\u00fan tipo de situaci\u00f3n, debe conducirse por el marco legal; ponen en riesgo la integridad f\u00edsica del personal\u201d, dijo.<\/p>\n\n\n\n<p>A trav\u00e9s de un comunicado, la Segego hizo ayer \u201cun llamado a la civilidad y exhorta a las y los habitantes de Santiago Textitl\u00e1n y sus agencias R\u00edo Santiago y Santiago Xochiltepec, a cumplir con los acuerdos de paz.<\/p>\n\n\n\n<p>\u201cAl mismo tiempo de solicitar en un marco de respeto la liberaci\u00f3n del personal de la Fiscal\u00eda General del Estado, quienes se encontraban realizando las investigaciones ante los hechos con violencia ocurridos en fechas anteriores.<\/p>\n\n\n\n<p>\u201cAs\u00ed mismo, solicit\u00f3 la libertad de los elementos de la Guardia Nacional y de la Secretar\u00eda de Seguridad P\u00fablica, quienes realizaban recorridos de prevenci\u00f3n y disuasi\u00f3n, esto como parte de los acuerdos que han solicitado reiteradamente en las mesas de di\u00e1logo las autoridades municipales y los pobladores de Santiago Textitl\u00e1n y sus agencias R\u00edo Santiago y Santiago Xochiltepec\u201d.<\/p>\n","protected":false},"excerpt":{"rendered":"<p>Ismael Garc\u00eda M.\/Zona Roja. Oaxaca de Ju\u00e1rez, Oax., 15 de julio de 2021.- Por segundo&hellip;<\/p>\n","protected":false},"author":2,"featured_media":29771,"comment_status":"closed","ping_status":"open","sticky":false,"template":"","format":"standard","meta":{"_lmt_disableupdate":"","_lmt_disable":"","_jetpack_memberships_contains_paid_content":false,"footnotes":""},"categories":[109,47],"tags":[1980],"class_list":["post-29770","post","type-post","status-publish","format-standard","has-post-thumbnail","hentry","category-minuto-a-minuto","category-zona-gris","tag-santiago-textitlan"],"jetpack_featured_media_url":"https:\/\/zonaroja.com.mx\/wp-content\/uploads\/2021\/07\/Retenidos-Textitlan.jpg","jetpack_sharing_enabled":true,"_links":{"self":[{"href":"https:\/\/zonaroja.com.mx\/index.php?rest_route=\/wp\/v2\/posts\/29770","targetHints":{"allow":["GET"]}}],"collection":[{"href":"https:\/\/zonaroja.com.mx\/index.php?rest_route=\/wp\/v2\/posts"}],"about":[{"href":"https:\/\/zonaroja.com.mx\/index.php?rest_route=\/wp\/v2\/types\/post"}],"author":[{"embeddable":true,"href":"https:\/\/zonaroja.com.mx\/index.php?rest_route=\/wp\/v2\/users\/2"}],"replies":[{"embeddable":true,"href":"https:\/\/zonaroja.com.mx\/index.php?rest_route=%2Fwp%2Fv2%2Fcomments&post=29770"}],"version-history":[{"count":1,"href":"https:\/\/zonaroja.com.mx\/index.php?rest_route=\/wp\/v2\/posts\/29770\/revisions"}],"predecessor-version":[{"id":29772,"href":"https:\/\/zonaroja.com.mx\/index.php?rest_route=\/wp\/v2\/posts\/29770\/revisions\/29772"}],"wp:featuredmedia":[{"embeddable":true,"href":"https:\/\/zonaroja.com.mx\/index.php?rest_route=\/wp\/v2\/media\/29771"}],"wp:attachment":[{"href":"https:\/\/zonaroja.com.mx\/index.php?rest_route=%2Fwp%2Fv2%2Fmedia&parent=29770"}],"wp:term":[{"taxonomy":"category","embeddable":true,"href":"https:\/\/zonaroja.com.mx\/index.php?rest_route=%2Fwp%2Fv2%2Fcategories&post=29770"},{"taxonomy":"post_tag","embeddable":true,"href":"https:\/\/zonaroja.com.mx\/index.php?rest_route=%2Fwp%2Fv2%2Ftags&post=29770"}],"curies":[{"name":"wp","href":"https:\/\/api.w.org\/{rel}","templated":true}]}}