{"id":29776,"date":"2021-07-15T12:12:47","date_gmt":"2021-07-15T17:12:47","guid":{"rendered":"https:\/\/www.zonaroja.com.mx\/?p=29776"},"modified":"2021-07-15T12:12:48","modified_gmt":"2021-07-15T17:12:48","slug":"piden-candidatura-de-unidad-en-morena-para-eleccion-gubernamental","status":"publish","type":"post","link":"https:\/\/zonaroja.com.mx\/?p=29776","title":{"rendered":"Piden candidatura de unidad en Morena, para elecci\u00f3n gubernamental"},"content":{"rendered":"\n<p class=\"MsoNormal\">Evlin Arag\u00f3n\/Zona Roja.&nbsp;<\/p>\n\n\n\n<p class=\"MsoNormal\">Oaxaca de Ju\u00e1rez, Oax., 15 de julio de 2021.- Activistas, artistas e integrantes de la comunidad acad\u00e9mica, que simpatizan con el proyecto de la Cuarta Transformaci\u00f3n que encabeza Andr\u00e9s Manuel L\u00f3pez Obrador, exigieron una candidatura de unidad al interior de Morena, representada por una persona \u00e9tica y excepcional, con miras a la sucesi\u00f3n gubernamental.&nbsp;&nbsp;<\/p>\n\n\n\n<p class=\"MsoNormal\">Lo anterior a trav\u00e9s de un manifiesto en el que aseguraron que el 2022 abre una nueva oportunidad para cambiar por la v\u00eda pac\u00edfica \u201cel viejo y corrupto orden pol\u00edtico impuesto por el PRI\u201d, de ah\u00ed que pidieron cerrar la puerta a quienes intentan usurpar el proyecto transformador.&nbsp;<\/p>\n\n\n\n<p class=\"MsoNormal\">\u201cEn Oaxaca la pr\u00f3xima gubernatura debe dejar de ser una verg\u00fcenza vestida s\u00f3lo del color del dinero, aspiramos a conquistar el poder pol\u00edtico por la v\u00eda pac\u00edfica electoral y desde \u00e9sta profundizar la lucha contra el neoliberalismo como principal enemigo del pueblo\u201d, indicaron.&nbsp;<\/p>\n\n\n\n<p class=\"MsoNormal\">En el documento, explicaron que el pueblo oaxaque\u00f1o, con una larga tradici\u00f3n de lucha contra las injusticias y la opresi\u00f3n, no permitir\u00e1 que personajes ajenos a todo proyecto democr\u00e1tico, que buscan posicionarse medi\u00e1ticamente, le ponga precio a su dignidad y conviertan sus luchas hist\u00f3ricas en mercado de votos y clientes.&nbsp;&nbsp;<\/p>\n\n\n\n<p class=\"MsoNormal\">Indicaron que, quien encabece la candidatura de unidad, debe impulsar un programa de gobierno que tenga como principios y valores la igualdad, la paridad de g\u00e9nero y la transparencia con mecanismos participativos que pongan por delante el combate a la corrupci\u00f3n en todas sus manifestaciones.&nbsp;<\/p>\n\n\n\n<p class=\"MsoNormal\">As\u00ed mismo, impulsar pol\u00edticas p\u00fablicas para abatir la&nbsp;desigualdad y la pobreza que lacera a la mayor\u00eda de los oaxaque\u00f1os; la defensa irrenunciable del patrimonio&nbsp;natural y cultural; el&nbsp;rechazo a todo tipo de violencia social y feminicida; el castigo a los abusos&nbsp;de poder y despojo de tierras a los pueblos originarios; y la recuperaci\u00f3n de espacios p\u00fablicos.&nbsp;&nbsp;<\/p>\n\n\n\n<p class=\"MsoNormal\">Sin dejar de lado la universalizaci\u00f3n del derecho a la salud y educaci\u00f3n p\u00fablica y el compromiso de convertir&nbsp;a Oaxaca en una entidad segura mediante la aplicaci\u00f3n de programas sociales, fomento del empleo y acciones preventivas para reducir los \u00edndices delictivos; todo con la activa participaci\u00f3n ciudadana.&nbsp;&nbsp;<\/p>\n\n\n\n<p class=\"MsoNormal\">\u201cNo queremos ser un destello sino la luz del cambio, no aspiramos a ser compa\u00f1eros de viaje sino el punto de partida para una profunda transformaci\u00f3n del viejo r\u00e9gimen\u201d, sentenciaron.&nbsp;<\/p>\n\n\n\n<p class=\"MsoNormal\">Por ello, convocaron a todas las organizaciones sociales, pueblos ind\u00edgenas y afromexicanos, colectivos de la sociedad civil y a todos los hombres y mujeres de Oaxaca con vocaci\u00f3n democr\u00e1tica a unirse a las exigencias antes citadas.&nbsp;&nbsp;<\/p>\n\n\n\n<p class=\"MsoNormal\">Algunas de las personas firmantes son: Josefina Aranda, Maurilio Mayoral, Isidoro Yescas Mart\u00ednez, Alberto Alonso Criollo, V\u00edctor Ter\u00e1n, Irma Pineda Santiago, C\u00e9sar Pineda Castillo, H\u00e9ctor Pineda Santiago, Gerardo De Gyves Ram\u00edrez, Emilio L\u00f3pez Jim\u00e9nez, entre otros.&nbsp;&nbsp;<\/p>\n\n\n\n<p class=\"MsoNormal\">As\u00ed como las organizaciones: Movimiento de Unificaci\u00f3n y Lucha Triqui, Unidad, Identidad y Ra\u00edces de Oaxaca, Movimiento Amplio De Regeneraci\u00f3n, Frente Nacional de Salud de la Rep\u00fablica Mexicana, Sindicato \u201cTransformaci\u00f3n Siglo XXI\u201d, por citar algunas.  <\/p>\n","protected":false},"excerpt":{"rendered":"<p>Evlin Arag\u00f3n\/Zona Roja.&nbsp; Oaxaca de Ju\u00e1rez, Oax., 15 de julio de 2021.- Activistas, artistas e&hellip;<\/p>\n","protected":false},"author":2,"featured_media":14485,"comment_status":"closed","ping_status":"open","sticky":false,"template":"","format":"standard","meta":{"_lmt_disableupdate":"","_lmt_disable":"","_jetpack_memberships_contains_paid_content":false,"footnotes":""},"categories":[109,46],"tags":[],"class_list":["post-29776","post","type-post","status-publish","format-standard","has-post-thumbnail","hentry","category-minuto-a-minuto","category-zona-blanca"],"jetpack_featured_media_url":"https:\/\/zonaroja.com.mx\/wp-content\/uploads\/2020\/07\/Morena-bandera-3.jpg","jetpack_sharing_enabled":true,"_links":{"self":[{"href":"https:\/\/zonaroja.com.mx\/index.php?rest_route=\/wp\/v2\/posts\/29776","targetHints":{"allow":["GET"]}}],"collection":[{"href":"https:\/\/zonaroja.com.mx\/index.php?rest_route=\/wp\/v2\/posts"}],"about":[{"href":"https:\/\/zonaroja.com.mx\/index.php?rest_route=\/wp\/v2\/types\/post"}],"author":[{"embeddable":true,"href":"https:\/\/zonaroja.com.mx\/index.php?rest_route=\/wp\/v2\/users\/2"}],"replies":[{"embeddable":true,"href":"https:\/\/zonaroja.com.mx\/index.php?rest_route=%2Fwp%2Fv2%2Fcomments&post=29776"}],"version-history":[{"count":1,"href":"https:\/\/zonaroja.com.mx\/index.php?rest_route=\/wp\/v2\/posts\/29776\/revisions"}],"predecessor-version":[{"id":29777,"href":"https:\/\/zonaroja.com.mx\/index.php?rest_route=\/wp\/v2\/posts\/29776\/revisions\/29777"}],"wp:featuredmedia":[{"embeddable":true,"href":"https:\/\/zonaroja.com.mx\/index.php?rest_route=\/wp\/v2\/media\/14485"}],"wp:attachment":[{"href":"https:\/\/zonaroja.com.mx\/index.php?rest_route=%2Fwp%2Fv2%2Fmedia&parent=29776"}],"wp:term":[{"taxonomy":"category","embeddable":true,"href":"https:\/\/zonaroja.com.mx\/index.php?rest_route=%2Fwp%2Fv2%2Fcategories&post=29776"},{"taxonomy":"post_tag","embeddable":true,"href":"https:\/\/zonaroja.com.mx\/index.php?rest_route=%2Fwp%2Fv2%2Ftags&post=29776"}],"curies":[{"name":"wp","href":"https:\/\/api.w.org\/{rel}","templated":true}]}}