{"id":29781,"date":"2021-07-15T19:10:58","date_gmt":"2021-07-16T00:10:58","guid":{"rendered":"http:\/\/www.zonaroja.com.mx\/?p=29781"},"modified":"2021-07-15T19:11:00","modified_gmt":"2021-07-16T00:11:00","slug":"tras-bloqueo-carretero-reconocen-nueva-dirigencia-del-comercam","status":"publish","type":"post","link":"https:\/\/zonaroja.com.mx\/?p=29781","title":{"rendered":"Tras bloqueo carretero, reconocen nueva dirigencia del Comercam"},"content":{"rendered":"\n<p>Evlin Arag\u00f3n\/Zona Roja.<\/p>\n\n\n\n<p>Oaxaca de Ju\u00e1rez, Oax., 15 de julio de 2021.- Mezcaleros y magueyeros bloquearon este jueves la carretera Oaxaca-Istmo, a la altura de la localidad de San Dionisio Ocotepec, como protesta para exigir el reconocimiento de Abelino Cohetero Villegas como dirigente del Consejo Mexicano Regulador de la Calidad del Mezcal (Comercam).&nbsp;<\/p>\n\n\n\n<p>Alrededor de las 18:00 horas retiraron su manifestaci\u00f3n y liberaron la vialidad, una vez que la Secretar\u00eda de Econom\u00eda federal otorg\u00f3 el reconocimiento oficial a la nueva dirigencia.<\/p>\n\n\n\n<p>La comunidad mezcalera llevaba semanas pidiendo a la Secretar\u00eda de Econom\u00eda, encabeza por Tatiana Clouthier Carrillo, el reconocimiento del Consejo Directivo electo el 15 de mayo pasado, mediante una asamblea en la que participaron m\u00e1s de 800 socios.&nbsp;<\/p>\n\n\n\n<p>As\u00ed mismo, demandan auditor\u00eda para Hip\u00f3crates Nolasco Cancino, quien se desempe\u00f1\u00f3 como dirigente del Comercam durante tres periodos consecutivos, acci\u00f3n que ocasion\u00f3 la molestia de las y los mezcaleros que se manifiestan este jueves con un bloqueo carretero, anunciado por 48 horas.&nbsp;<\/p>\n\n\n\n<p>De acuerdo con Rosa Mart\u00ednez, el propio gobernador de Oaxaca, Alejandro Murat Hinojosa, ha metido las manos en el conflicto, de ah\u00ed el reconocimiento a una dirigencia espuria, encabezada por Juanito Mart\u00ednez Santiago, ello a conveniencia de intereses ajenos de la comunidad mezcalera oaxaque\u00f1a.&nbsp;<\/p>\n\n\n\n<p>\u201cEstamos aqu\u00ed bloqueando porque esas negociaciones ya las traen ama\u00f1adas, es decir, Hip\u00f3crates sigue detr\u00e1s de todo esto con el respaldo del gobierno del estado, vuelvo a recalcar, Alejandro Murat est\u00e1 detr\u00e1s de todo esto\u201d, dijo por la ma\u00f1ana.&nbsp;<\/p>\n\n\n\n<p>En este sentido, explic\u00f3 que Hip\u00f3crates Nolasco se ha mantenido en el poder por la venta de denominaciones de origen, las empresas de dudosa procedencia que ha generado, as\u00ed como las 100 mil hect\u00e1reas de maguey con las que cuenta en Niltepec, lo cual le permite tener un negocio redondo que le favorece.&nbsp;<\/p>\n\n\n\n<p>Finalmente, denunci\u00f3 que debido al conflicto actual escasean las fuentes de empleo y 80 mil litros de mezcal est\u00e1n parados en la Aduana, afectando a los verdaderos productores de una de las bebidas m\u00e1s emblem\u00e1ticas de la entidad.&nbsp;<\/p>\n\n\n\n<p>Como parte de las exigencias que se enunciaron este jueves, trascendi\u00f3 la destituci\u00f3n del titular del Instituto de la Funci\u00f3n Registral de Oaxaca, a quien acusan de fraude, luego de haber registrado a Juanito Mart\u00ednez Santiago como presidente del Comercam, a quien se\u00f1alan de ser t\u00edtere de Nolasco Cancino.&nbsp;&nbsp;<\/p>\n\n\n\n<p>En la protesta de esta ma\u00f1ana participan mezcaleros de Soledad Salinas, San Juan del R\u00edo, San Lorenzo Albarradas, Villa de Mitla, San Dionisio Ocotepec, Santiago Matatl\u00e1n, Santa Catarina Minas, Sola de Vega, Ejutla de Crespo, Miahuatl\u00e1n de Porfirio D\u00edaz, entre otras comunidades. La misma, ocasion\u00f3 serias complicaciones viales en la zona, dejando varados a decenas de veh\u00edculos particulares, de transporte p\u00fablico y de carga por igual.<\/p>\n","protected":false},"excerpt":{"rendered":"<p>Evlin Arag\u00f3n\/Zona Roja. Oaxaca de Ju\u00e1rez, Oax., 15 de julio de 2021.- Mezcaleros y magueyeros&hellip;<\/p>\n","protected":false},"author":2,"featured_media":29782,"comment_status":"closed","ping_status":"open","sticky":false,"template":"","format":"standard","meta":{"_lmt_disableupdate":"","_lmt_disable":"","_jetpack_memberships_contains_paid_content":false,"footnotes":""},"categories":[109,47],"tags":[2688],"class_list":["post-29781","post","type-post","status-publish","format-standard","has-post-thumbnail","hentry","category-minuto-a-minuto","category-zona-gris","tag-consejo-mexicano-regulador-de-la-calidad-del-mezcal-comercam"],"jetpack_featured_media_url":"https:\/\/zonaroja.com.mx\/wp-content\/uploads\/2021\/07\/Bloqueo-Comercam-San-Dionisio.jpg","jetpack_sharing_enabled":true,"_links":{"self":[{"href":"https:\/\/zonaroja.com.mx\/index.php?rest_route=\/wp\/v2\/posts\/29781","targetHints":{"allow":["GET"]}}],"collection":[{"href":"https:\/\/zonaroja.com.mx\/index.php?rest_route=\/wp\/v2\/posts"}],"about":[{"href":"https:\/\/zonaroja.com.mx\/index.php?rest_route=\/wp\/v2\/types\/post"}],"author":[{"embeddable":true,"href":"https:\/\/zonaroja.com.mx\/index.php?rest_route=\/wp\/v2\/users\/2"}],"replies":[{"embeddable":true,"href":"https:\/\/zonaroja.com.mx\/index.php?rest_route=%2Fwp%2Fv2%2Fcomments&post=29781"}],"version-history":[{"count":1,"href":"https:\/\/zonaroja.com.mx\/index.php?rest_route=\/wp\/v2\/posts\/29781\/revisions"}],"predecessor-version":[{"id":29783,"href":"https:\/\/zonaroja.com.mx\/index.php?rest_route=\/wp\/v2\/posts\/29781\/revisions\/29783"}],"wp:featuredmedia":[{"embeddable":true,"href":"https:\/\/zonaroja.com.mx\/index.php?rest_route=\/wp\/v2\/media\/29782"}],"wp:attachment":[{"href":"https:\/\/zonaroja.com.mx\/index.php?rest_route=%2Fwp%2Fv2%2Fmedia&parent=29781"}],"wp:term":[{"taxonomy":"category","embeddable":true,"href":"https:\/\/zonaroja.com.mx\/index.php?rest_route=%2Fwp%2Fv2%2Fcategories&post=29781"},{"taxonomy":"post_tag","embeddable":true,"href":"https:\/\/zonaroja.com.mx\/index.php?rest_route=%2Fwp%2Fv2%2Ftags&post=29781"}],"curies":[{"name":"wp","href":"https:\/\/api.w.org\/{rel}","templated":true}]}}