{"id":29784,"date":"2021-07-15T20:51:28","date_gmt":"2021-07-16T01:51:28","guid":{"rendered":"http:\/\/www.zonaroja.com.mx\/?p=29784"},"modified":"2021-07-15T20:51:31","modified_gmt":"2021-07-16T01:51:31","slug":"quince-anos-despues-indagaran-a-ulises-ruiz-por-caravanas-de-la-muerte","status":"publish","type":"post","link":"https:\/\/zonaroja.com.mx\/?p=29784","title":{"rendered":"Quince a\u00f1os despu\u00e9s, indagar\u00e1n a Ulises Ruiz por \u201ccaravanas de la muerte\u201d"},"content":{"rendered":"\n<p>Redacci\u00f3n\/Zona Roja Cdmx.<\/p>\n\n\n\n<p>Ciudad de M\u00e9xico, 15 de julio de 2021.- Tras iniciar el PRI el proceso de expulsi\u00f3n de Ulises Ruiz Ortiz, el instituto pol\u00edtico pedir\u00e1 a las autoridades federales que indaguen al ex gobernador de Oaxaca diversos delitos, incluyendo la creaci\u00f3n de las \u201ccaravanas de la muerte\u201d en 2006.<\/p>\n\n\n\n<p>De acuerdo con informaci\u00f3n del diario \u201cMilenio\u201d, la Comisi\u00f3n Nacional de Justicia del Partido Revolucionario Institucional&nbsp; (PRI) inici\u00f3 el proceso de expulsi\u00f3n contra Ulises Ruiz atribuy\u00e9ndole usos de grupos paramilitares para atentar contra ciudadanos y militantes, casos de tortura, ejecuciones extrajudiciales, desapariciones forzadas y enriquecimiento inexplicable.<\/p>\n\n\n\n<p>La dirigencia nacional priista, encabezada por Alejandro Moreno, dio el paso para sacar de sus filas al ex gobernador de Oaxaca, luego de que en nueve a\u00f1os, el mismo n\u00fameros de presidentes lo mantuvieron intocable.<br>\u201cEl expediente, al que tuvo acceso \u2018Milenio\u2019, basa su acusaci\u00f3n en las conclusiones hechas por la Comisi\u00f3n de la Verdad de Oaxaca en 2016 y en violaciones al art\u00edculo 148 del C\u00f3digo de Justicia Partidaria, en la que se detalla en sus 957 p\u00e1ginas como una protesta de integrantes de la Coordinadora Nacional de Trabajadores de la Educaci\u00f3n (CNTE) que llevaba 23 d\u00edas en el z\u00f3calo de la ciudad de Oaxaca, deriv\u00f3 en un violento desalojo que desat\u00f3 un conflicto social y pol\u00edtico que se extendi\u00f3 hasta 2007\u201d, refiere el diario de circulaci\u00f3n nacional.<\/p>\n\n\n\n<p>A\u00f1ade que en los casi seis meses de movilizaciones, se reportaron 30 ejecuciones extrajudiciales, 311 detenciones arbitrarias, 381 lesionados, 248 casos de tortura y la desaparici\u00f3n forzada de dos personas.<\/p>\n\n\n\n<p>\u201cEl proceso de expulsi\u00f3n de Ulises Ruiz se aceler\u00f3 luego del plant\u00f3n y enfrentamiento del 29 de junio, entre militantes del PRI y afines al ex gobernador de Oaxaca que detonaron armas de fuego hiriendo a un simpatizante priista en la espalda\u201d, expuso \u201cMilenio2.<\/p>\n\n\n\n<p>Agreg\u00f3 que el expediente contra Ruiz, que tambi\u00e9n incluye a Nayelly Guti\u00e9rrez, destaca este hecho, en el que se acredita el uso de violencia por parte de grupos de choque contra militantes y privaci\u00f3n ilegal de la libertad de los trabajadores que estuvieron retenidos en las instalaciones del partido durante varias horas.<\/p>\n","protected":false},"excerpt":{"rendered":"<p>Redacci\u00f3n\/Zona Roja Cdmx. Ciudad de M\u00e9xico, 15 de julio de 2021.- Tras iniciar el PRI&hellip;<\/p>\n","protected":false},"author":2,"featured_media":12011,"comment_status":"closed","ping_status":"open","sticky":false,"template":"","format":"standard","meta":{"_lmt_disableupdate":"","_lmt_disable":"","_jetpack_memberships_contains_paid_content":false,"footnotes":""},"categories":[109,47],"tags":[749],"class_list":["post-29784","post","type-post","status-publish","format-standard","has-post-thumbnail","hentry","category-minuto-a-minuto","category-zona-gris","tag-ulises-ruiz-ortiz"],"jetpack_featured_media_url":"https:\/\/zonaroja.com.mx\/wp-content\/uploads\/2020\/05\/Ulises-Ruiz.jpg","jetpack_sharing_enabled":true,"_links":{"self":[{"href":"https:\/\/zonaroja.com.mx\/index.php?rest_route=\/wp\/v2\/posts\/29784","targetHints":{"allow":["GET"]}}],"collection":[{"href":"https:\/\/zonaroja.com.mx\/index.php?rest_route=\/wp\/v2\/posts"}],"about":[{"href":"https:\/\/zonaroja.com.mx\/index.php?rest_route=\/wp\/v2\/types\/post"}],"author":[{"embeddable":true,"href":"https:\/\/zonaroja.com.mx\/index.php?rest_route=\/wp\/v2\/users\/2"}],"replies":[{"embeddable":true,"href":"https:\/\/zonaroja.com.mx\/index.php?rest_route=%2Fwp%2Fv2%2Fcomments&post=29784"}],"version-history":[{"count":1,"href":"https:\/\/zonaroja.com.mx\/index.php?rest_route=\/wp\/v2\/posts\/29784\/revisions"}],"predecessor-version":[{"id":29785,"href":"https:\/\/zonaroja.com.mx\/index.php?rest_route=\/wp\/v2\/posts\/29784\/revisions\/29785"}],"wp:featuredmedia":[{"embeddable":true,"href":"https:\/\/zonaroja.com.mx\/index.php?rest_route=\/wp\/v2\/media\/12011"}],"wp:attachment":[{"href":"https:\/\/zonaroja.com.mx\/index.php?rest_route=%2Fwp%2Fv2%2Fmedia&parent=29784"}],"wp:term":[{"taxonomy":"category","embeddable":true,"href":"https:\/\/zonaroja.com.mx\/index.php?rest_route=%2Fwp%2Fv2%2Fcategories&post=29784"},{"taxonomy":"post_tag","embeddable":true,"href":"https:\/\/zonaroja.com.mx\/index.php?rest_route=%2Fwp%2Fv2%2Ftags&post=29784"}],"curies":[{"name":"wp","href":"https:\/\/api.w.org\/{rel}","templated":true}]}}