{"id":29786,"date":"2021-07-15T21:46:46","date_gmt":"2021-07-16T02:46:46","guid":{"rendered":"http:\/\/www.zonaroja.com.mx\/?p=29786"},"modified":"2021-07-15T21:46:48","modified_gmt":"2021-07-16T02:46:48","slug":"hallan-restos-humanos-en-jurisdiccion-de-etla-podrian-ser-de-claudia-uruchurtu","status":"publish","type":"post","link":"https:\/\/zonaroja.com.mx\/?p=29786","title":{"rendered":"Hallan restos humanos en jurisdicci\u00f3n de Etla; podr\u00edan ser de Claudia Uruchurtu"},"content":{"rendered":"\n<p>Ismael Garc\u00eda M.\/Zona Roja.<\/p>\n\n\n\n<p>Oaxaca de Ju\u00e1rez, Oax., 15 de julio de 2021.- Desde hace tres d\u00edas, un equipo multidisciplinario conformado por personal federal y estatal busca restos \u00f3seos humanos en jurisdicci\u00f3n de Matadamas, del municipio de Soledad, Etla, cerca de la supercarretera Cuacnopalan-Oaxaca.<\/p>\n\n\n\n<p>La Fiscal\u00eda General del Estado de Oaxaca guarda hermetismo respecto del caso y la zona es vigilada las 24 horas por elementos de la Polic\u00eda Estatal, una vez que localizaron partes de un cr\u00e1neo, f\u00e9mur y otros restos \u00f3seos, que podr\u00edan ser de Claudia Uruchurtu Cruz.<\/p>\n\n\n\n<p>El hallazgo forma parte de las acciones que emprenden la Comisi\u00f3n Nacional de B\u00fasqueda y la Fiscal\u00eda General del Estado de Oaxaca, con el apoyo de la Agencia Estatal de Investigaciones, peritos especializados y la Guardia Nacional.<\/p>\n\n\n\n<p>Los restos humanos fueron embalados y llevados al Instituto de Servicios Periciales de la Fiscal\u00eda, ubicado en San Bartolo Coyotepec, que emitir\u00e1 un dictamen posteriormente.<\/p>\n\n\n\n<p>Fuentes internas de la Fiscal\u00eda General confirmaron que desde hace tres d\u00edas se realizan las indagatorias en dicha zona, con el apoyo tambi\u00e9n de binomios caninos, y cuya \u00e1rea es custodiada celosamente para que ninguna persona extra\u00f1a se acerque.<\/p>\n\n\n\n<p>Consultada al respecto, el \u00e1rea de comunicaci\u00f3n de la Fiscal\u00eda dijo que no hay ninguna confirmaci\u00f3n de hallazgo de restos \u00f3seos.<\/p>\n\n\n\n<p>Sin embargo, de acuerdo con fotograf\u00edas y videos enviados a ZONA ROJA \u2013que no se publica por la secrec\u00eda de la indagatoria&#8211;, y testimonios de personal en la zona, s\u00ed se localizaron los restos \u00f3seos y se buscan m\u00e1s piezas en un radio de aproximadamente un kil\u00f3metro.<\/p>\n\n\n\n<p>El equipo multidisciplinario que trabaja en la zona es el mismo que se conform\u00f3 para la localizaci\u00f3n de Claudia Uruchurtu Cruz, desaparecida la noche del 26 de marzo en Asunci\u00f3n Nochixtl\u00e1n, y de acuerdo con la Fiscal\u00eda General, ya est\u00e1 muerta y s\u00f3lo se buscan los restos.<\/p>\n","protected":false},"excerpt":{"rendered":"<p>Ismael Garc\u00eda M.\/Zona Roja. Oaxaca de Ju\u00e1rez, Oax., 15 de julio de 2021.- Desde hace&hellip;<\/p>\n","protected":false},"author":2,"featured_media":29787,"comment_status":"closed","ping_status":"open","sticky":false,"template":"","format":"standard","meta":{"_lmt_disableupdate":"","_lmt_disable":"","_jetpack_memberships_contains_paid_content":false,"footnotes":""},"categories":[109,51],"tags":[494],"class_list":["post-29786","post","type-post","status-publish","format-standard","has-post-thumbnail","hentry","category-minuto-a-minuto","category-zona-roja","tag-fiscalia-general-del-estado-de-oaxaca"],"jetpack_featured_media_url":"https:\/\/zonaroja.com.mx\/wp-content\/uploads\/2021\/07\/Restos-humanos-Madatadamas-Etla.jpg","jetpack_sharing_enabled":true,"_links":{"self":[{"href":"https:\/\/zonaroja.com.mx\/index.php?rest_route=\/wp\/v2\/posts\/29786","targetHints":{"allow":["GET"]}}],"collection":[{"href":"https:\/\/zonaroja.com.mx\/index.php?rest_route=\/wp\/v2\/posts"}],"about":[{"href":"https:\/\/zonaroja.com.mx\/index.php?rest_route=\/wp\/v2\/types\/post"}],"author":[{"embeddable":true,"href":"https:\/\/zonaroja.com.mx\/index.php?rest_route=\/wp\/v2\/users\/2"}],"replies":[{"embeddable":true,"href":"https:\/\/zonaroja.com.mx\/index.php?rest_route=%2Fwp%2Fv2%2Fcomments&post=29786"}],"version-history":[{"count":1,"href":"https:\/\/zonaroja.com.mx\/index.php?rest_route=\/wp\/v2\/posts\/29786\/revisions"}],"predecessor-version":[{"id":29788,"href":"https:\/\/zonaroja.com.mx\/index.php?rest_route=\/wp\/v2\/posts\/29786\/revisions\/29788"}],"wp:featuredmedia":[{"embeddable":true,"href":"https:\/\/zonaroja.com.mx\/index.php?rest_route=\/wp\/v2\/media\/29787"}],"wp:attachment":[{"href":"https:\/\/zonaroja.com.mx\/index.php?rest_route=%2Fwp%2Fv2%2Fmedia&parent=29786"}],"wp:term":[{"taxonomy":"category","embeddable":true,"href":"https:\/\/zonaroja.com.mx\/index.php?rest_route=%2Fwp%2Fv2%2Fcategories&post=29786"},{"taxonomy":"post_tag","embeddable":true,"href":"https:\/\/zonaroja.com.mx\/index.php?rest_route=%2Fwp%2Fv2%2Ftags&post=29786"}],"curies":[{"name":"wp","href":"https:\/\/api.w.org\/{rel}","templated":true}]}}