{"id":29789,"date":"2021-07-15T22:28:50","date_gmt":"2021-07-16T03:28:50","guid":{"rendered":"http:\/\/www.zonaroja.com.mx\/?p=29789"},"modified":"2021-07-15T22:29:03","modified_gmt":"2021-07-16T03:29:03","slug":"covid-al-extremo-en-oaxaca-hoy-249-casos-positivos-y-11-muertes","status":"publish","type":"post","link":"https:\/\/zonaroja.com.mx\/?p=29789","title":{"rendered":"Covid al extremo en Oaxaca; hoy 249 casos positivos y 11 muertes"},"content":{"rendered":"\n<p>Redacci\u00f3n\/Zona Roja.<\/p>\n\n\n\n<p>Oaxaca de Ju\u00e1rez, Oax. 15 de julio de 2021.- Oaxaca report\u00f3 este jueves 249 casos nuevos de Covid-19, con los que suman 50 mil 684 los contagios acumulados; en cuanto a fallecimientos, se lleg\u00f3 a los cuatro mil 019 decesos, 11 m\u00e1s en comparaci\u00f3n del corte del d\u00eda 14 de julio, informaron los Servicios de Salud de Oaxaca (SSO).<\/p>\n\n\n\n<p>En un comunicado, la dependencia se\u00f1al\u00f3 que la cifra de personas que han logrado recuperarse de la enfermedad infecciosa, desde el pasado marzo de 2020 que inici\u00f3 la emergencia sanitaria a la actualidad, ascendi\u00f3 a 45 mil 418 pacientes.<\/p>\n\n\n\n<p>Confirm\u00f3 que en total existen mil 247 personas que cursan en estos momentos el padecimiento en etapa de transmisibilidad, principalmente residentes de los municipios de Oaxaca de Ju\u00e1rez, Salina Cruz, San Pedro Mixtepec \u2013Distrito 22-, Santa Cruz Xoxocotl\u00e1n y Ciudad Ixtepec.<\/p>\n\n\n\n<p>Este 15 de julio, se contabilizaron 61 municipios con presencia de casos nuevos, las localidades m\u00e1s afectadas contin\u00faan siendo las de mayor poblaci\u00f3n y en las que se registran una mayor movilidad de personas, en primer lugar, Oaxaca de Ju\u00e1rez con 51 pacientes nuevos, Santa Cruz Xoxocotl\u00e1n con 19, Salina Cruz con 17, San Pedro Mixtepec \u2013Distrito 22- con 15, San Juan Bautista Tuxtepec con 13, Heroica Ciudad de Juchit\u00e1n de Zaragoza con 12 y Santo Domingo Tehuantepec con 10.<\/p>\n\n\n\n<p>Valles Centrales notific\u00f3 el mayor n\u00famero de positivos al reportar 33 mil 450 confirmados y mil 921 fallecimientos, el Istmo 5 mil 354 y 789 muertes, Tuxtepec 3 mil 086 y 355 defunciones, la Costa 2 mil 845 y 319 fallecimientos, la Mixteca 4 mil 148 y 409 p\u00e9rdidas humanas, as\u00ed como la Sierra mil 801 y 226 muertes.<\/p>\n\n\n\n<figure class=\"wp-block-embed-twitter wp-block-embed is-type-rich is-provider-twitter\"><div class=\"wp-block-embed__wrapper\">\n<div class=\"twitter-tweet\"><blockquote class=\"twitter-tweet\" data-lang=\"es\"><p lang=\"es\" dir=\"ltr\"><a href=\"https:\/\/twitter.com\/hashtag\/%C3%9AltimoMinuto?src=hash&amp;ref_src=twsrc%5Etfw\">#\u00daltimoMinuto<\/a><br>\u00a1Covid sin l\u00edmites! Reporte jueves Servicios de Salud de <a href=\"https:\/\/twitter.com\/hashtag\/Oaxaca?src=hash&amp;ref_src=twsrc%5Etfw\">#Oaxaca<\/a>:<br>* 10 hospitales llenos de pacientes.<br>* 11 decesos, para un total de 4 mil 19 defunciones.<br>* 249 casos positivos, para un acumulado de 50 mil 684 casos confirmados.<br>#\u00a1Qu\u00e9dateEnCasa! <a href=\"https:\/\/t.co\/Vis2FLxtCv\">pic.twitter.com\/Vis2FLxtCv<\/a><\/p>&mdash; Zona Roja Oaxaca (@Zona_Roja_Oax) <a href=\"https:\/\/twitter.com\/Zona_Roja_Oax\/status\/1415847320810188801?ref_src=twsrc%5Etfw\">16 de julio de 2021<\/a><\/blockquote><\/div>\n<\/div><\/figure>\n\n\n\n<p>Seg\u00fan el informe de la emergencia sanitaria, hay un global de 88 mil 113 personas que han presentado s\u00edntomas relacionados a la enfermedad causada por el SARS-CoV-2, de los cuales 32 mil 323 han sido negativos y 5 mil 106 est\u00e1n como sospechosos.<\/p>\n\n\n\n<p>Asimismo, Oaxaca contabiliz\u00f3 este jueves 42.9% de ocupaci\u00f3n hospitalaria, 10 nosocomios presentan el 100% de saturaci\u00f3n, y se hospitalizaron a 10 pacientes nuevos, para un total de 155 personas internadas a causa de complicaciones del virus.<\/p>\n\n\n\n<p>La instituci\u00f3n advirti\u00f3 que no es momento de realizar eventos o actividades que impliquen aglomeraciones de personas, ello causar\u00eda un incremento acelerado de casos, p\u00e9rdidas humanas y la posible saturaci\u00f3n hospitalaria.<\/p>\n\n\n\n<p>Ante cual, exhort\u00f3 a la poblaci\u00f3n a sumar esfuerzos y ser responsable en la aplicaci\u00f3n estricta de las medidas sanitarias y recomendaci\u00f3n de protecci\u00f3n que ha reiterado la dependencia continuamente, con el fin de cortar la transici\u00f3n del virus, en un esfuerzo colectivo que permita salvar vidas.<\/p>\n","protected":false},"excerpt":{"rendered":"<p>Redacci\u00f3n\/Zona Roja. Oaxaca de Ju\u00e1rez, Oax. 15 de julio de 2021.- Oaxaca report\u00f3 este jueves&hellip;<\/p>\n","protected":false},"author":2,"featured_media":29790,"comment_status":"closed","ping_status":"open","sticky":false,"template":"","format":"standard","meta":{"_lmt_disableupdate":"","_lmt_disable":"","_jetpack_memberships_contains_paid_content":false,"footnotes":""},"categories":[109,47],"tags":[1512],"class_list":["post-29789","post","type-post","status-publish","format-standard","has-post-thumbnail","hentry","category-minuto-a-minuto","category-zona-gris","tag-coronavirus-oaxaca"],"jetpack_featured_media_url":"https:\/\/zonaroja.com.mx\/wp-content\/uploads\/2021\/07\/GRAFICA-SSO-03.jpg","jetpack_sharing_enabled":true,"_links":{"self":[{"href":"https:\/\/zonaroja.com.mx\/index.php?rest_route=\/wp\/v2\/posts\/29789","targetHints":{"allow":["GET"]}}],"collection":[{"href":"https:\/\/zonaroja.com.mx\/index.php?rest_route=\/wp\/v2\/posts"}],"about":[{"href":"https:\/\/zonaroja.com.mx\/index.php?rest_route=\/wp\/v2\/types\/post"}],"author":[{"embeddable":true,"href":"https:\/\/zonaroja.com.mx\/index.php?rest_route=\/wp\/v2\/users\/2"}],"replies":[{"embeddable":true,"href":"https:\/\/zonaroja.com.mx\/index.php?rest_route=%2Fwp%2Fv2%2Fcomments&post=29789"}],"version-history":[{"count":1,"href":"https:\/\/zonaroja.com.mx\/index.php?rest_route=\/wp\/v2\/posts\/29789\/revisions"}],"predecessor-version":[{"id":29791,"href":"https:\/\/zonaroja.com.mx\/index.php?rest_route=\/wp\/v2\/posts\/29789\/revisions\/29791"}],"wp:featuredmedia":[{"embeddable":true,"href":"https:\/\/zonaroja.com.mx\/index.php?rest_route=\/wp\/v2\/media\/29790"}],"wp:attachment":[{"href":"https:\/\/zonaroja.com.mx\/index.php?rest_route=%2Fwp%2Fv2%2Fmedia&parent=29789"}],"wp:term":[{"taxonomy":"category","embeddable":true,"href":"https:\/\/zonaroja.com.mx\/index.php?rest_route=%2Fwp%2Fv2%2Fcategories&post=29789"},{"taxonomy":"post_tag","embeddable":true,"href":"https:\/\/zonaroja.com.mx\/index.php?rest_route=%2Fwp%2Fv2%2Ftags&post=29789"}],"curies":[{"name":"wp","href":"https:\/\/api.w.org\/{rel}","templated":true}]}}