{"id":29797,"date":"2021-07-16T07:38:01","date_gmt":"2021-07-16T12:38:01","guid":{"rendered":"http:\/\/www.zonaroja.com.mx\/?p=29797"},"modified":"2021-07-16T07:38:03","modified_gmt":"2021-07-16T12:38:03","slug":"con-presiones-logra-textitlan-que-los-atienda-fiscalia-liberan-a-retenidos","status":"publish","type":"post","link":"https:\/\/zonaroja.com.mx\/?p=29797","title":{"rendered":"Con presiones, logra Textitl\u00e1n que los atienda Fiscal\u00eda; liberan a retenidos"},"content":{"rendered":"\n<p>Ismael Garc\u00eda M.\/Zona Roja.<\/p>\n\n\n\n<p>Oaxaca de Ju\u00e1rez, Oax., 16 de julio de 2021.- Luego de tres d\u00edas, m\u00e1s de 40 funcionarios del Gobierno del Estado fueron liberados la madrugada de hoy, tras ser retenidos por pobladores de la agencia R\u00edo Santiago en Santiago Xochiltepec, Oaxaca.<\/p>\n\n\n\n<p>Ello bajo el compromiso de que una comisi\u00f3n ser\u00e1 recibida en las oficinas centrales de la Fiscal\u00eda General del Estado, que encabeza Arturo Peimbert, a fin de conocer el avance en las indagatorias respecto a las agresiones armadas que han sufrido desde diciembre pasado y que al momento ha generado dos muertes.<\/p>\n\n\n\n<p>Anoche, una comisi\u00f3n de funcionarios del Gobierno del Estado, encabezada por el titular de la Secretar\u00eda General de Gobierno (Segego), Francisco Garc\u00eda L\u00f3pez, acudi\u00f3 a la zona, donde presidi\u00f3 un di\u00e1logo que culmin\u00f3 la ma\u00f1ana de este viernes.<\/p>\n\n\n\n<p>Entre los primeros acuerdos alcanzados, destaca que una comisi\u00f3n de pobladores de R\u00edo Santiago acudir\u00e1 a una audiencia con el fiscal Arturo Peimbert el pr\u00f3ximo 19 de julio y ser\u00e1n acompa\u00f1ados por representantes de la Defensor\u00eda de los Derechos Humanos del Pueblo de Oaxaca.<\/p>\n\n\n\n<p>Asimismo, la Secretar\u00eda General de Gobierno, a trav\u00e9s de la Polic\u00eda Estatal, y la Guardia Nacional reforzar\u00e1n la vigilancia en la zona en conflicto.<\/p>\n\n\n\n<p>Se fortalecer\u00e1 la atenci\u00f3n a las alrededor de 200 familias de R\u00edo Santiago atacadas en diciembre y desplazadas desde diciembre pasado y que ahora se mantienen en refugios de Santiago Textitl\u00e1n.<\/p>\n\n\n\n<figure class=\"wp-block-embed-twitter wp-block-embed is-type-rich is-provider-twitter\"><div class=\"wp-block-embed__wrapper\">\n<div class=\"twitter-tweet\"><blockquote class=\"twitter-tweet\" data-lang=\"es\"><p lang=\"es\" dir=\"ltr\"><a href=\"https:\/\/twitter.com\/hashtag\/%C3%9AltimoMinuto?src=hash&amp;ref_src=twsrc%5Etfw\">#\u00daltimoMinuto<\/a> <br>En estas condiciones qued\u00f3 la camioneta de la <a href=\"https:\/\/twitter.com\/SEGEGO_GobOax?ref_src=twsrc%5Etfw\">@SEGEGO_GobOax<\/a>, que fue incendiada anoche por parte de pobladores de Santiago <a href=\"https:\/\/twitter.com\/hashtag\/Textitl%C3%A1n?src=hash&amp;ref_src=twsrc%5Etfw\">#Textitl\u00e1n<\/a>, quienes adem\u00e1s retuvieron el personal de esa dependencia y de la Secretar\u00eda de Gobernaci\u00f3n (<a href=\"https:\/\/twitter.com\/SEGOB_mx?ref_src=twsrc%5Etfw\">@SEGOB_mx<\/a>).<br>Polic\u00edas siguen retenidos <a href=\"https:\/\/t.co\/w0NsLqrtgk\">pic.twitter.com\/w0NsLqrtgk<\/a><\/p>&mdash; Zona Roja Oaxaca (@Zona_Roja_Oax) <a href=\"https:\/\/twitter.com\/Zona_Roja_Oax\/status\/1415737721893576705?ref_src=twsrc%5Etfw\">15 de julio de 2021<\/a><\/blockquote><\/div>\n<\/div><\/figure>\n\n\n\n<p>Por incumplimientos de la Segego, la noche del martes 13 de julio, pobladores de la cabecera de Textitl\u00e1n y de R\u00edo Santiago retuvieron a 20 elementos de la Guardia Nacional, 10 integrantes de la Polic\u00eda Estatal y 14 trabajadores de la Fiscal\u00eda General de Oaxaca.<\/p>\n\n\n\n<p>En tanto que la noche del mi\u00e9rcoles, una comisi\u00f3n de funcionarios de la Segego acud\u00eda a la zona para retomar el di\u00e1logo, pero fueron bajados de una camioneta y golpeados &#8211;dos de la Segego y dos de la Secretar\u00eda de Gobernaci\u00f3n&#8211;, tras lo cual los pobladores incendiaron la unidad de motor.<\/p>\n\n\n\n<p>Ayer, durante un evento en el Hospital Regional de Alta Especialidad, en anunci\u00f3 que tras la petici\u00f3n de afectados, acudir\u00e1 a Santiago Textitl\u00e1n a fin de encabezar personalmente las negociaciones, lo cual podr\u00eda concretarse este viernes.<\/p>\n\n\n\n<figure class=\"wp-block-embed-twitter wp-block-embed is-type-rich is-provider-twitter\"><div class=\"wp-block-embed__wrapper\">\n<div class=\"twitter-tweet\"><blockquote class=\"twitter-tweet\" data-lang=\"es\"><p lang=\"es\" dir=\"ltr\"><a href=\"https:\/\/twitter.com\/hashtag\/%C3%9AltimoMinuto?src=hash&amp;ref_src=twsrc%5Etfw\">#\u00daltimoMinuto<\/a> <br>Al cumplirse tres d\u00edas de retenci\u00f3n de m\u00e1s de 40 funcionarios del <a href=\"https:\/\/twitter.com\/GobOax?ref_src=twsrc%5Etfw\">@GobOax<\/a>, el mandatario <a href=\"https:\/\/twitter.com\/alejandromurat?ref_src=twsrc%5Etfw\">@alejandromurat<\/a> confirm\u00f3 que acudir\u00e1 a Santiago <a href=\"https:\/\/twitter.com\/hashtag\/Textitl%C3%A1n?src=hash&amp;ref_src=twsrc%5Etfw\">#Textitl\u00e1n<\/a>, como lo han pedido los pobladores, una vez que se avance en los primeros acuerdos. <a href=\"https:\/\/t.co\/jP58zj9s4x\">pic.twitter.com\/jP58zj9s4x<\/a><\/p>&mdash; Zona Roja Oaxaca (@Zona_Roja_Oax) <a href=\"https:\/\/twitter.com\/Zona_Roja_Oax\/status\/1415824070977986560?ref_src=twsrc%5Etfw\">16 de julio de 2021<\/a><\/blockquote><\/div>\n<\/div><\/figure>\n","protected":false},"excerpt":{"rendered":"<p>Ismael Garc\u00eda M.\/Zona Roja. Oaxaca de Ju\u00e1rez, Oax., 16 de julio de 2021.- Luego de&hellip;<\/p>\n","protected":false},"author":2,"featured_media":29798,"comment_status":"closed","ping_status":"open","sticky":false,"template":"","format":"standard","meta":{"_lmt_disableupdate":"","_lmt_disable":"","_jetpack_memberships_contains_paid_content":false,"footnotes":""},"categories":[109,47],"tags":[1980],"class_list":["post-29797","post","type-post","status-publish","format-standard","has-post-thumbnail","hentry","category-minuto-a-minuto","category-zona-gris","tag-santiago-textitlan"],"jetpack_featured_media_url":"https:\/\/zonaroja.com.mx\/wp-content\/uploads\/2021\/07\/Retenidos-Santiago-Textitlan.jpg","jetpack_sharing_enabled":true,"_links":{"self":[{"href":"https:\/\/zonaroja.com.mx\/index.php?rest_route=\/wp\/v2\/posts\/29797","targetHints":{"allow":["GET"]}}],"collection":[{"href":"https:\/\/zonaroja.com.mx\/index.php?rest_route=\/wp\/v2\/posts"}],"about":[{"href":"https:\/\/zonaroja.com.mx\/index.php?rest_route=\/wp\/v2\/types\/post"}],"author":[{"embeddable":true,"href":"https:\/\/zonaroja.com.mx\/index.php?rest_route=\/wp\/v2\/users\/2"}],"replies":[{"embeddable":true,"href":"https:\/\/zonaroja.com.mx\/index.php?rest_route=%2Fwp%2Fv2%2Fcomments&post=29797"}],"version-history":[{"count":1,"href":"https:\/\/zonaroja.com.mx\/index.php?rest_route=\/wp\/v2\/posts\/29797\/revisions"}],"predecessor-version":[{"id":29799,"href":"https:\/\/zonaroja.com.mx\/index.php?rest_route=\/wp\/v2\/posts\/29797\/revisions\/29799"}],"wp:featuredmedia":[{"embeddable":true,"href":"https:\/\/zonaroja.com.mx\/index.php?rest_route=\/wp\/v2\/media\/29798"}],"wp:attachment":[{"href":"https:\/\/zonaroja.com.mx\/index.php?rest_route=%2Fwp%2Fv2%2Fmedia&parent=29797"}],"wp:term":[{"taxonomy":"category","embeddable":true,"href":"https:\/\/zonaroja.com.mx\/index.php?rest_route=%2Fwp%2Fv2%2Fcategories&post=29797"},{"taxonomy":"post_tag","embeddable":true,"href":"https:\/\/zonaroja.com.mx\/index.php?rest_route=%2Fwp%2Fv2%2Ftags&post=29797"}],"curies":[{"name":"wp","href":"https:\/\/api.w.org\/{rel}","templated":true}]}}