{"id":29803,"date":"2021-07-16T08:11:52","date_gmt":"2021-07-16T13:11:52","guid":{"rendered":"http:\/\/www.zonaroja.com.mx\/?p=29803"},"modified":"2021-07-16T08:11:54","modified_gmt":"2021-07-16T13:11:54","slug":"presentaran-en-oaxaca-libro-los-adioses-y-otros-cuentos-para-la-ninez","status":"publish","type":"post","link":"https:\/\/zonaroja.com.mx\/?p=29803","title":{"rendered":"Presentar\u00e1n en Oaxaca libro \u201cLos adioses y otros cuentos\u201d para la ni\u00f1ez&nbsp;"},"content":{"rendered":"\n<p>Evlin Arag\u00f3n\/Zona Roja.<\/p>\n\n\n\n<p>Oaxaca de Ju\u00e1rez, Oax., 16 de julio de 2021.- Dedicado a las ni\u00f1as y ni\u00f1os que disfrutan a sus abuelas y viceversa, el libro \u201cLos adioses y otros cuentos\u201d, de la oaxaque\u00f1a Concepci\u00f3n Silvia N\u00fa\u00f1ez Miranda, es un esfuerzo por inculcar en la ni\u00f1ez el gusto por la lectura a partir de peque\u00f1os textos divertidos, conmovedores y alentadores.&nbsp;&nbsp;<\/p>\n\n\n\n<p>De acuerdo con la autora el volumen, editado por \u201cPez en el \u00e1rbol\u201d, est\u00e1 conformado por cinco cuentos, que se fueron recopilados durante varios a\u00f1os, cuyas tem\u00e1ticas van desde el cuidado del medio ambiente hasta las despedidas de nuestros seres queridos, particularmente las abuelas.&nbsp;<\/p>\n\n\n\n<p>Uno de los cuentos resulta una motivaci\u00f3n para evitar tirar basura en las playas y reducir el uso de productos con empaque de pl\u00e1stico que, justamente, terminan en el mar, ocasionando da\u00f1os irreversibles en la fauna marina, como se ha podido observar con la muerte recurrente de tortugas, peces y ballenas.&nbsp;<\/p>\n\n\n\n<p>Otro m\u00e1s es una historia biogr\u00e1fica que relata la ni\u00f1ez de la autora, la estricta educaci\u00f3n que recibi\u00f3 en la primaria ubicada donde hoy se encuentran las oficinas del ayuntamiento de Oaxaca de Ju\u00e1rez, as\u00ed como los momentos alegres y llenos de imaginaci\u00f3n vividos.&nbsp;&nbsp;<\/p>\n\n\n\n<p>Tal vez el m\u00e1s conmovedor es el que aborda la despedida de las abuelas, de ah\u00ed el t\u00edtulo de los adioses, el cual busca retratar la muerte como un proceso natural, incluso de trascendencia, a fin de hacer menos dolorosa la experiencia que viven las ni\u00f1as y los ni\u00f1os.&nbsp;<\/p>\n\n\n\n<p>Para la soci\u00f3loga y experta en investigaciones acad\u00e9micas, muchas de estas publicadas, result\u00f3 todo un reto poder escribir para la comunidad infantil, sin embargo, su nieto ha sido la gran inspiraci\u00f3n y motivaci\u00f3n para elaborar textos que puedan conectar con las ni\u00f1as y ni\u00f1os.&nbsp;<\/p>\n\n\n\n<p>\u201cSiempre me ha gustado escribir, pero jam\u00e1s se me hab\u00eda ocurrido que pod\u00eda hacer algo para las ni\u00f1as y los ni\u00f1os, Aqu\u00ed el principal inspirador es mi nieto, gracias a su presencia y gracia a \u00e9l que yo comenc\u00e9 a idear la escritura de algunas historias que podr\u00edan servir para el desarrollo de su imaginaci\u00f3n\u201d, dijo en entrevista.&nbsp;<\/p>\n\n\n\n<p>La autora record\u00f3 la importancia de fomentar el h\u00e1bito de la lectura en las nuevas generaciones, mismas que est\u00e1n cada vez m\u00e1s enganchadas con el mundo digital; aunque reconoci\u00f3 que el libro puede ser le\u00eddo por personas de todas las edades, puesto que ya ha conmovido de primera cuenta a las editoras del material.&nbsp;<\/p>\n\n\n\n<p>La presentaci\u00f3n del libro se llevar\u00e1 a cabo este viernes, 16 de julio, a las 19:30 horas en \u201cLa J\u00edcara\u201d, Librespacio Cultural, ubicado en Porfirio D\u00edaz 1105, Centro, en donde tambi\u00e9n se encontrar\u00e1 a la venta el ejemplar.&nbsp;<\/p>\n","protected":false},"excerpt":{"rendered":"<p>Evlin Arag\u00f3n\/Zona Roja. Oaxaca de Ju\u00e1rez, Oax., 16 de julio de 2021.- Dedicado a las&hellip;<\/p>\n","protected":false},"author":2,"featured_media":29804,"comment_status":"closed","ping_status":"open","sticky":false,"template":"","format":"standard","meta":{"_lmt_disableupdate":"","_lmt_disable":"","_jetpack_memberships_contains_paid_content":false,"footnotes":""},"categories":[109,46],"tags":[2803],"class_list":["post-29803","post","type-post","status-publish","format-standard","has-post-thumbnail","hentry","category-minuto-a-minuto","category-zona-blanca","tag-concepcion-nunez-miranda"],"jetpack_featured_media_url":"https:\/\/zonaroja.com.mx\/wp-content\/uploads\/2021\/07\/Libro-Concepcion-Nunez-Miranda.jpg","jetpack_sharing_enabled":true,"_links":{"self":[{"href":"https:\/\/zonaroja.com.mx\/index.php?rest_route=\/wp\/v2\/posts\/29803","targetHints":{"allow":["GET"]}}],"collection":[{"href":"https:\/\/zonaroja.com.mx\/index.php?rest_route=\/wp\/v2\/posts"}],"about":[{"href":"https:\/\/zonaroja.com.mx\/index.php?rest_route=\/wp\/v2\/types\/post"}],"author":[{"embeddable":true,"href":"https:\/\/zonaroja.com.mx\/index.php?rest_route=\/wp\/v2\/users\/2"}],"replies":[{"embeddable":true,"href":"https:\/\/zonaroja.com.mx\/index.php?rest_route=%2Fwp%2Fv2%2Fcomments&post=29803"}],"version-history":[{"count":1,"href":"https:\/\/zonaroja.com.mx\/index.php?rest_route=\/wp\/v2\/posts\/29803\/revisions"}],"predecessor-version":[{"id":29805,"href":"https:\/\/zonaroja.com.mx\/index.php?rest_route=\/wp\/v2\/posts\/29803\/revisions\/29805"}],"wp:featuredmedia":[{"embeddable":true,"href":"https:\/\/zonaroja.com.mx\/index.php?rest_route=\/wp\/v2\/media\/29804"}],"wp:attachment":[{"href":"https:\/\/zonaroja.com.mx\/index.php?rest_route=%2Fwp%2Fv2%2Fmedia&parent=29803"}],"wp:term":[{"taxonomy":"category","embeddable":true,"href":"https:\/\/zonaroja.com.mx\/index.php?rest_route=%2Fwp%2Fv2%2Fcategories&post=29803"},{"taxonomy":"post_tag","embeddable":true,"href":"https:\/\/zonaroja.com.mx\/index.php?rest_route=%2Fwp%2Fv2%2Ftags&post=29803"}],"curies":[{"name":"wp","href":"https:\/\/api.w.org\/{rel}","templated":true}]}}