{"id":29810,"date":"2021-07-16T11:59:48","date_gmt":"2021-07-16T16:59:48","guid":{"rendered":"https:\/\/www.zonaroja.com.mx\/?p=29810"},"modified":"2021-07-16T19:22:30","modified_gmt":"2021-07-17T00:22:30","slug":"por-cuarto-dia-personal-del-hospital-civil-mantiene-paro-parcial-y-exigencias","status":"publish","type":"post","link":"https:\/\/zonaroja.com.mx\/?p=29810","title":{"rendered":"Por cuarto d\u00eda, personal del Hospital Civil mantiene paro parcial y exigencias"},"content":{"rendered":"\n<p class=\"MsoNormal\">Evlin Arag\u00f3n\/Zona Roja.&nbsp;<\/p>\n\n\n\n<p class=\"MsoNormal\">Oaxaca de Ju\u00e1rez, Oax., 16 de julio de 2021.- Por cuarto d\u00eda consecutivo, personal del Hospital Civil \u201cDr. Aurelio Valdivieso\u201d protesta y bloqueo la calzada Porfirio D\u00edaz, a la altura de la fuente de la Ocho Regiones, en exigencia de la atenci\u00f3n de sus demandas, que incluyen el abastecimiento de medicamentos.&nbsp;<\/p>\n\n\n\n<p class=\"MsoNormal\">Con lo anterior, mantienen el paro de labores en el \u00e1rea administrativa y de consulta general, que inici\u00f3 el pasado martes, as\u00ed como su jornada de lucha para evidenciar las carencias que enfrenta el personal en la atenci\u00f3n diaria de cientos de personas.&nbsp;&nbsp;<\/p>\n\n\n\n<p class=\"MsoNormal\">Alberto V\u00e1zquez San Germ\u00e1n, secretario general de la Subsecci\u00f3n 07 de la Secci\u00f3n 36 del Sindicato Nacional de Trabajadores de los Servicios de Salud, al interior del nosocomio, indic\u00f3 que sigue pendiente la distribuci\u00f3n de medicamentos e insumos por parte de las autoridades.&nbsp;&nbsp;<\/p>\n\n\n\n<p class=\"MsoNormal\">Explic\u00f3 que tras su encuentro con los responsables de los Servicios de Salud de Oaxaca, estos plantearon la asignaci\u00f3n de un mill\u00f3n 400 mil pesos para la compra de medicamentos urgentes, sin embargo, el hospital gasta tres millones y medio al mes en dicha adquisici\u00f3n, por lo que de ninguna manera se resuelve el tema.&nbsp;<\/p>\n\n\n\n<p class=\"MsoNormal\">Con dicho recurso dijo, se realizar\u00e1 la compra de cat\u00e9teres para neonatos, antibi\u00f3ticos de alto espectro, entre otros insumos que tienen alto valor y que la comunidad usuaria del nosocomio dif\u00edcilmente podr\u00eda adquirir.&nbsp;<\/p>\n\n\n\n<p class=\"MsoNormal\">\u201cRecurso sabemos que existe, si revisamos el recurso que env\u00eda la Federaci\u00f3n nos damos cuenta que existe porque adem\u00e1s se etiqueta, el problema es que hay escasez de medicamentos, falta de gestiones, desidia por parte de las autoridades\u201d, manifest\u00f3.\u00a0\u00a0<\/p>\n\n\n\n<figure class=\"wp-block-embed-twitter wp-block-embed is-type-rich is-provider-twitter\"><div class=\"wp-block-embed__wrapper\">\n<div class=\"twitter-tweet\"><blockquote class=\"twitter-tweet\" data-lang=\"es\"><p lang=\"es\" dir=\"ltr\"><a href=\"https:\/\/twitter.com\/hashtag\/%C3%9AltimoMinuto?src=hash&amp;ref_src=twsrc%5Etfw\">#\u00daltimoMinuto<\/a> <br>Hasta el momento no hay ninguna soluci\u00f3n a las demandas de el Hospital Civil \u201cDr. Aurelio Valdivieso\u201d de la ciudad de <a href=\"https:\/\/twitter.com\/hashtag\/Oaxaca?src=hash&amp;ref_src=twsrc%5Etfw\">#Oaxaca<\/a>, informa la delegaci\u00f3n sindical a sus representados; contin\u00faa el paro de labores y cierre de vialidad. <a href=\"https:\/\/t.co\/3NMcON4Uja\">pic.twitter.com\/3NMcON4Uja<\/a><\/p>&mdash; Zona Roja Oaxaca (@Zona_Roja_Oax) <a href=\"https:\/\/twitter.com\/Zona_Roja_Oax\/status\/1416046275351523332?ref_src=twsrc%5Etfw\">16 de julio de 2021<\/a><\/blockquote><\/div>\n<\/div><\/figure>\n\n\n\n<p class=\"MsoNormal\">V\u00e1zquez San Germ\u00e1n asegur\u00f3 que la base trabajadora se mantiene a la espera de la informaci\u00f3n que les hagan llegar sobre la reuni\u00f3n que sostuvo la noche de ayer el gobernador de Oaxaca, Alejandro Murat y el secretario de Salud, Juan Carlos M\u00e1rquez Heine, con el titular del Insabi, Juan Antonio Ferrer, ya que de ser buenas noticia, podr\u00edan concluir con su jornada de lucha.&nbsp;&nbsp;<\/p>\n\n\n\n<p class=\"MsoNormal\">As\u00ed mismo, indic\u00f3 que han conseguido algunos avances en torno a la construcci\u00f3n de un pozo profundo, ya que el hospital gasta en promedio un mill\u00f3n y medio de pesos en agua al ser insuficiente la que abastece SAPAO.<\/p>\n\n\n\n<p class=\"MsoNormal\">Tambi\u00e9n se compusieron dos de los tres elevadores en mal estado; se comprometieron a levantar los pisos deteriorados y se consigui\u00f3 el compresor de grado m\u00e9dico y las p\u00f3lizas para darle mantenimiento del tom\u00f3grafo.&nbsp;&nbsp;<\/p>\n\n\n\n<p class=\"MsoNormal\">Finalmente, V\u00e1zquez San Germ\u00e1n dio a conocer que se ha solicitado al secretario general de la Secci\u00f3n 35 de SNTSA convoque al Pleno Estatal de Delegados para abordar la situaci\u00f3n del desabato, donde se podr\u00eda definir un paro de labores generalizado en caso de no recibir atenci\u00f3n a sus demandas.&nbsp;&nbsp;<\/p>\n\n\n\n<p class=\"MsoNormal\">Este mediod\u00eda tienen una reuni\u00f3n de trabajo con autoridades estatales, y tras recibir la informaci\u00f3n y ofrecimientos, valorar\u00e1n si contin\u00faa el paro o reanudan labores. <\/p>\n\n\n\n<figure class=\"wp-block-embed-twitter wp-block-embed is-type-rich is-provider-twitter\"><div class=\"wp-block-embed__wrapper\">\n<div class=\"twitter-tweet\"><blockquote class=\"twitter-tweet\" data-lang=\"es\"><p lang=\"es\" dir=\"ltr\"><a href=\"https:\/\/twitter.com\/hashtag\/%C3%9AltimoMinuto?src=hash&amp;ref_src=twsrc%5Etfw\">#\u00daltimoMinuto<\/a> <br>Contin\u00faa el bloqueo a la calzada Porfirio D\u00edaz, al norte de la ciudad de Oaxaca, por parte de trabajadores sindicalizados del Hospital Civil. <br>Hay di\u00e1logo con los <a href=\"https:\/\/twitter.com\/SSO_GobOax?ref_src=twsrc%5Etfw\">@SSO_GobOax<\/a>, pero titular <a href=\"https:\/\/twitter.com\/JC_MarquezH?ref_src=twsrc%5Etfw\">@JC_MarquezH<\/a> no da soluciones, argumentan. <a href=\"https:\/\/t.co\/Vn6BhhK4t6\">pic.twitter.com\/Vn6BhhK4t6<\/a><\/p>&mdash; Zona Roja Oaxaca (@Zona_Roja_Oax) <a href=\"https:\/\/twitter.com\/Zona_Roja_Oax\/status\/1416082416389660672?ref_src=twsrc%5Etfw\">16 de julio de 2021<\/a><\/blockquote><\/div>\n<\/div><\/figure>\n","protected":false},"excerpt":{"rendered":"<p>Evlin Arag\u00f3n\/Zona Roja.&nbsp; Oaxaca de Ju\u00e1rez, Oax., 16 de julio de 2021.- Por cuarto d\u00eda&hellip;<\/p>\n","protected":false},"author":2,"featured_media":29809,"comment_status":"closed","ping_status":"open","sticky":false,"template":"","format":"standard","meta":{"_lmt_disableupdate":"","_lmt_disable":"","_jetpack_memberships_contains_paid_content":false,"footnotes":""},"categories":[109,47],"tags":[1633],"class_list":["post-29810","post","type-post","status-publish","format-standard","has-post-thumbnail","hentry","category-minuto-a-minuto","category-zona-gris","tag-hospital-general-dr-aurelio-valdivieso"],"jetpack_featured_media_url":"https:\/\/zonaroja.com.mx\/wp-content\/uploads\/2021\/07\/aab5b3b4-cf0b-4e50-9f16-1230b52b7b8e.jpg","jetpack_sharing_enabled":true,"_links":{"self":[{"href":"https:\/\/zonaroja.com.mx\/index.php?rest_route=\/wp\/v2\/posts\/29810","targetHints":{"allow":["GET"]}}],"collection":[{"href":"https:\/\/zonaroja.com.mx\/index.php?rest_route=\/wp\/v2\/posts"}],"about":[{"href":"https:\/\/zonaroja.com.mx\/index.php?rest_route=\/wp\/v2\/types\/post"}],"author":[{"embeddable":true,"href":"https:\/\/zonaroja.com.mx\/index.php?rest_route=\/wp\/v2\/users\/2"}],"replies":[{"embeddable":true,"href":"https:\/\/zonaroja.com.mx\/index.php?rest_route=%2Fwp%2Fv2%2Fcomments&post=29810"}],"version-history":[{"count":2,"href":"https:\/\/zonaroja.com.mx\/index.php?rest_route=\/wp\/v2\/posts\/29810\/revisions"}],"predecessor-version":[{"id":29821,"href":"https:\/\/zonaroja.com.mx\/index.php?rest_route=\/wp\/v2\/posts\/29810\/revisions\/29821"}],"wp:featuredmedia":[{"embeddable":true,"href":"https:\/\/zonaroja.com.mx\/index.php?rest_route=\/wp\/v2\/media\/29809"}],"wp:attachment":[{"href":"https:\/\/zonaroja.com.mx\/index.php?rest_route=%2Fwp%2Fv2%2Fmedia&parent=29810"}],"wp:term":[{"taxonomy":"category","embeddable":true,"href":"https:\/\/zonaroja.com.mx\/index.php?rest_route=%2Fwp%2Fv2%2Fcategories&post=29810"},{"taxonomy":"post_tag","embeddable":true,"href":"https:\/\/zonaroja.com.mx\/index.php?rest_route=%2Fwp%2Fv2%2Ftags&post=29810"}],"curies":[{"name":"wp","href":"https:\/\/api.w.org\/{rel}","templated":true}]}}