{"id":29813,"date":"2021-07-16T13:52:49","date_gmt":"2021-07-16T18:52:49","guid":{"rendered":"https:\/\/www.zonaroja.com.mx\/?p=29813"},"modified":"2021-07-16T19:24:17","modified_gmt":"2021-07-17T00:24:17","slug":"ambulantes-buscan-ingresar-al-centro-historico-pese-a-operativo","status":"publish","type":"post","link":"https:\/\/zonaroja.com.mx\/?p=29813","title":{"rendered":"Ambulantes buscan ingresar al Centro Hist\u00f3rico pese a operativo"},"content":{"rendered":"\n<p class=\"MsoNormal\">Evlin Arag\u00f3n\/Zona Roja. <\/p>\n\n\n\n<p class=\"MsoNormal\"> Oaxaca de Ju\u00e1rez, Oax., 16 de julio de 2021.- La ma\u00f1ana de este viernes, comerciantes ambulantes intentaron ingresar al primer cuadro del Centro Hist\u00f3rico de la ciudad de Oaxaca, para ocupar los espacios de venta que normalmente utilizan y por los cuales aseguran realizaron el pago respectivo.  <\/p>\n\n\n\n<p class=\"MsoNormal\"> Lo anterior pese a que el lugar se encuentra sitiado, desde ayer, por personal de seguridad del municipio capitalino, como parte de un operativo para reducir la presencia del comercio informal, luego de las constantes denuncias por parte de la opini\u00f3n p\u00fablica. <\/p>\n\n\n\n<p class=\"MsoNormal\"> Al grito de \u201cqueremos trabajar, queremos trabajar\u201d decenas de comerciantes se apersonaron en la calle de Flores Mag\u00f3n para acceder al primer cuadro de la ciudad, argumentando que cuentan con un permiso; en el lugar se vivi\u00f3 una constante tensi\u00f3n ya que por momentos los \u00e1nimos se calentaron y fueron contenidos por los elementos de la Polic\u00eda Municipal. <\/p>\n\n\n\n<p class=\"MsoNormal\"> Ah\u00ed mismo, las y los comerciantes informales dieron a conocer ante los medios de comunicaci\u00f3n que cuentan con los permisos correspondientes, incluso mostraron los tarjetones amarillos que aseguran les costaron entre 20 y 40 mil pesos, dependiendo de su lugar de ubicaci\u00f3n, dinero que le fue pagado al municipio y no a los l\u00edderes como se refiere com\u00fanmente.  <\/p>\n\n\n\n<p class=\"MsoNormal\"> \u201cM\u00e1s de 20 mil pesos por este papel y no nos lo est\u00e1n haciendo v\u00e1lido. Ahorita no nos dejan pasar con el porque dicen que no trae n\u00famero de cuenta, pero ello nos lo dieron as\u00ed\u201d, refiri\u00f3 una de las comerciantes.  <\/p>\n\n\n\n<p class=\"MsoNormal\">El tarjet\u00f3n expuesto cuenta con un holograma que comprueba que se trata de un documento emitido por la autoridad municipal, sin embargo, no esta siendo v\u00e1lido para que tengan acceso a los lugares que, argumentan, les fueron asignados previamente. <\/p>\n\n\n\n<figure class=\"wp-block-embed-twitter wp-block-embed is-type-rich is-provider-twitter\"><div class=\"wp-block-embed__wrapper\">\n<div class=\"twitter-tweet\"><blockquote class=\"twitter-tweet\" data-lang=\"es\"><p lang=\"es\" dir=\"ltr\"><a href=\"https:\/\/twitter.com\/hashtag\/%C3%9AltimoMinuto?src=hash&amp;ref_src=twsrc%5Etfw\">#\u00daltimoMinuto<\/a> <br>1 . Comerciantes ambulantes intenta ingresar a ocupar sus espacios de venta en el Centro Hist\u00f3rico de la capital de <a href=\"https:\/\/twitter.com\/hashtag\/Oaxaca?src=hash&amp;ref_src=twsrc%5Etfw\">#Oaxaca<\/a>; argumentan que compraron al Ayuntamiento los espacios hasta en 40 mil pesos. <a href=\"https:\/\/t.co\/6qU0fUpkGW\">pic.twitter.com\/6qU0fUpkGW<\/a><\/p>&mdash; Zona Roja Oaxaca (@Zona_Roja_Oax) <a href=\"https:\/\/twitter.com\/Zona_Roja_Oax\/status\/1416055558491107328?ref_src=twsrc%5Etfw\">16 de julio de 2021<\/a><\/blockquote><\/div>\n<\/div><\/figure>\n\n\n\n<p class=\"MsoNormal\"> \u201cEl municipio nos vendi\u00f3 este tarjet\u00f3n como un permiso. Los de temporada costaban cinco mil 500 pesos y los que se usaban de manera cotidiana 24 mil pesos, ese dinero est\u00e1 en las arcas municipales\u201d, dijo otro de los inconformes.  <\/p>\n\n\n\n<p class=\"MsoNormal\"> De acuerdo con Carmela Luj\u00e1n, l\u00edder de la organizaci\u00f3n \u201cRenacimiento\u201d, fueron m\u00e1s de 200 personas las que hicieron un pago de entre 20 y 40 mil pesos a fin de conseguir el permiso para poder trabajar, as\u00ed mismo advirti\u00f3 la existencia de acuerdos con la autoridad municipal que hoy no se quieren cumplir.  <\/p>\n\n\n\n<p class=\"MsoNormal\"> Por lo anterior se\u00f1al\u00f3 actos de corrupci\u00f3n al interior del municipio de Oaxaca de Ju\u00e1rez, a cargo del edil Oswaldo Garc\u00eda Jarqu\u00edn. <\/p>\n\n\n\n<p>Tras esa protesta, se trasladaron al Perif\u00e9rico casi esquina con Trujano, donde protestaron con bloqueo a la vialidad por unos minutos para insistir en la colocaci\u00f3n de sus puestos. <\/p>\n\n\n\n<p>Tras ello volvieron al centro de la ciudad, donde ocuparon la segunda calle de Flores Mag\u00f3n para instalarse. <\/p>\n\n\n\n<p class=\"MsoNormal\"> Desde ayer jueves, los accesos al primer cuadro del Centro Hist\u00f3rico lucen con vallas met\u00e1licas blancas y su acceso es restringido por los elementos de seguridad.<\/p>\n\n\n\n<figure class=\"wp-block-embed-twitter wp-block-embed is-type-rich is-provider-twitter\"><div class=\"wp-block-embed__wrapper\">\n<div class=\"twitter-tweet\"><blockquote class=\"twitter-tweet\" data-lang=\"es\"><p lang=\"es\" dir=\"ltr\"><a href=\"https:\/\/twitter.com\/hashtag\/%C3%9AltimoMinuto?src=hash&amp;ref_src=twsrc%5Etfw\">#\u00daltimoMinuto<\/a> <br>2. La polic\u00eda municipal de <a href=\"https:\/\/twitter.com\/hashtag\/Oaxaca?src=hash&amp;ref_src=twsrc%5Etfw\">#Oaxaca<\/a> de Ju\u00e1rez (<a href=\"https:\/\/twitter.com\/MunicipioSeguro?ref_src=twsrc%5Etfw\">@MunicipioSeguro<\/a>) refuerza con antimotines el acceso a la calle Flores Mag\u00f3n esquina con Las Casas, a fin de evitar el ingreso de ambulantes. <a href=\"https:\/\/t.co\/3mmG4m6toq\">pic.twitter.com\/3mmG4m6toq<\/a><\/p>&mdash; Zona Roja Oaxaca (@Zona_Roja_Oax) <a href=\"https:\/\/twitter.com\/Zona_Roja_Oax\/status\/1416057435031146496?ref_src=twsrc%5Etfw\">16 de julio de 2021<\/a><\/blockquote><\/div>\n<\/div><\/figure>\n","protected":false},"excerpt":{"rendered":"<p>Evlin Arag\u00f3n\/Zona Roja. Oaxaca de Ju\u00e1rez, Oax., 16 de julio de 2021.- La ma\u00f1ana de&hellip;<\/p>\n","protected":false},"author":2,"featured_media":29812,"comment_status":"closed","ping_status":"open","sticky":false,"template":"","format":"standard","meta":{"_lmt_disableupdate":"","_lmt_disable":"","_jetpack_memberships_contains_paid_content":false,"footnotes":""},"categories":[109,47],"tags":[1843],"class_list":["post-29813","post","type-post","status-publish","format-standard","has-post-thumbnail","hentry","category-minuto-a-minuto","category-zona-gris","tag-comerciantes-ambulantes-ciudad-de-oaxaca"],"jetpack_featured_media_url":"https:\/\/zonaroja.com.mx\/wp-content\/uploads\/2021\/07\/0436a823-6cbb-4552-aceb-cfe8dddcfa69.jpg","jetpack_sharing_enabled":true,"_links":{"self":[{"href":"https:\/\/zonaroja.com.mx\/index.php?rest_route=\/wp\/v2\/posts\/29813","targetHints":{"allow":["GET"]}}],"collection":[{"href":"https:\/\/zonaroja.com.mx\/index.php?rest_route=\/wp\/v2\/posts"}],"about":[{"href":"https:\/\/zonaroja.com.mx\/index.php?rest_route=\/wp\/v2\/types\/post"}],"author":[{"embeddable":true,"href":"https:\/\/zonaroja.com.mx\/index.php?rest_route=\/wp\/v2\/users\/2"}],"replies":[{"embeddable":true,"href":"https:\/\/zonaroja.com.mx\/index.php?rest_route=%2Fwp%2Fv2%2Fcomments&post=29813"}],"version-history":[{"count":2,"href":"https:\/\/zonaroja.com.mx\/index.php?rest_route=\/wp\/v2\/posts\/29813\/revisions"}],"predecessor-version":[{"id":29822,"href":"https:\/\/zonaroja.com.mx\/index.php?rest_route=\/wp\/v2\/posts\/29813\/revisions\/29822"}],"wp:featuredmedia":[{"embeddable":true,"href":"https:\/\/zonaroja.com.mx\/index.php?rest_route=\/wp\/v2\/media\/29812"}],"wp:attachment":[{"href":"https:\/\/zonaroja.com.mx\/index.php?rest_route=%2Fwp%2Fv2%2Fmedia&parent=29813"}],"wp:term":[{"taxonomy":"category","embeddable":true,"href":"https:\/\/zonaroja.com.mx\/index.php?rest_route=%2Fwp%2Fv2%2Fcategories&post=29813"},{"taxonomy":"post_tag","embeddable":true,"href":"https:\/\/zonaroja.com.mx\/index.php?rest_route=%2Fwp%2Fv2%2Ftags&post=29813"}],"curies":[{"name":"wp","href":"https:\/\/api.w.org\/{rel}","templated":true}]}}