{"id":29817,"date":"2021-07-16T16:50:06","date_gmt":"2021-07-16T21:50:06","guid":{"rendered":"https:\/\/www.zonaroja.com.mx\/?p=29817"},"modified":"2021-07-16T17:30:18","modified_gmt":"2021-07-16T22:30:18","slug":"ordena-teeo-a-ieepco-concluya-sesion-de-computo-en-teposcolula","status":"publish","type":"post","link":"https:\/\/zonaroja.com.mx\/?p=29817","title":{"rendered":"Ordena TEEO a IEEPCO concluya sesi\u00f3n de c\u00f3mputo en Teposcolula"},"content":{"rendered":"\n<p class=\"MsoNormal\">Redacci\u00f3n\/Zona Roja. <\/p>\n\n\n\n<p class=\"MsoNormal\"> Oaxaca de Ju\u00e1rez, Oax., a 16 de julio de 2021.- En sesi\u00f3n p\u00fablica realizada mediante videoconferencia, la magistrados del Tribunal Electoral del Estado de Oaxaca (TEEO) ordenaron al Instituto Estatal Electoral y de Participaci\u00f3n Ciudadana de Oaxaca (IEEPCO) concluya la sesi\u00f3n especial de c\u00f3mputo municipal de la elecci\u00f3n de concejales al ayuntamiento de San Pedro y San Pablo Teposcolula. <\/p>\n\n\n\n<p class=\"MsoNormal\">A trav\u00e9s de los juicios con clave RIN\/EA\/01\/2021 Y JDC\/209\/2021 acumulado, se\u00f1alaron que injustificadamente el IEEPCO, el 10 de junio, desahog\u00f3 parcialmente el procedimiento para la celebraci\u00f3n de la sesi\u00f3n especial, pues se advirti\u00f3 del acta circunstanciada que, una vez obtenido el resultado del c\u00f3mputo de la elecci\u00f3n, el Instituto, sin mayor argumentaci\u00f3n, omiti\u00f3 entregar las constancias de mayor\u00eda y de asignaci\u00f3n a las candidaturas que les asistiera tal derecho.<\/p>\n\n\n\n<p class=\"MsoNormal\">En consecuencia, el Tribunal revoc\u00f3 parcialmente el acta de la citada sesi\u00f3n, prevaleciendo los actos desplegados desde su instalaci\u00f3n hasta la culminaci\u00f3n de la fase de sumatoria de resultados, para el efecto de que, el IEEPCO contin\u00fae a la fase en la que se obtuvo el resultado de la elecci\u00f3n, con las posteriores etapas del procedimiento correspondiente, en t\u00e9rminos de los extremos contenidos en los art\u00edculos 257, 258 y 262 de la Ley de Instituciones y Procedimientos Electorales del Estado de Oaxaca (LIPEEO).<\/p>\n\n\n\n<p class=\"MsoNormal\">La representaci\u00f3n del partido Morena y el ciudadano Adalberto Reyes \u00c1vila, por separado, promovieron estos medios de impugnaci\u00f3n con la finalidad de controvertir la negativa del IEEPCO de expedir la constancia de mayor\u00eda al candidato ganador respecto a la pasada elecci\u00f3n de Teposcolula.<\/p>\n\n\n\n<p class=\"MsoNormal\">En este asunto, este \u00f3rgano jurisdiccional declar\u00f3 fundado el agravio relacionado con la vulneraci\u00f3n del derecho constitucional de petici\u00f3n de Reyes \u00c1vila en raz\u00f3n de que, se encuentra demostrado en autos que mediante escritos presentados: el 10 de junio solicit\u00f3 que, se le permitiera nombrar un representante ante el Consejo Municipal Electoral y &nbsp;se expidiera a su favor la constancia de mayor\u00eda; sin que a la fecha, hubiese tenido respuesta alguna; as\u00ed como con el escrito&nbsp; presentado el 14 de junio respecto a su petici\u00f3n de copias certificadas de diversa documentaci\u00f3n.<\/p>\n\n\n\n<p class=\"MsoNormal\">Por otro lado, el pleno del Tribunal desech\u00f3 36 juicios diversos contra los resultados de las elecciones de concejales a los ayuntamientos y de diputados de mayor\u00eda relativa; por diferentes causales previstas en la ley, tales como: falta de firma aut\u00f3grafa, la extemporaneidad de los escritos de demanda, as\u00ed como la falta de legitimaci\u00f3n del promovente para incoar los medios impugnativos intentados.<\/p>\n\n\n\n<p class=\"MsoNormal\"> <\/p>\n","protected":false},"excerpt":{"rendered":"<p>Redacci\u00f3n\/Zona Roja. Oaxaca de Ju\u00e1rez, Oax., a 16 de julio de 2021.- En sesi\u00f3n p\u00fablica&hellip;<\/p>\n","protected":false},"author":2,"featured_media":29816,"comment_status":"closed","ping_status":"open","sticky":false,"template":"","format":"standard","meta":{"_lmt_disableupdate":"","_lmt_disable":"","_jetpack_memberships_contains_paid_content":false,"footnotes":""},"categories":[109,47],"tags":[2737],"class_list":["post-29817","post","type-post","status-publish","format-standard","has-post-thumbnail","hentry","category-minuto-a-minuto","category-zona-gris","tag-san-pedro-y-san-pablo-teposcolula"],"jetpack_featured_media_url":"https:\/\/zonaroja.com.mx\/wp-content\/uploads\/2021\/07\/img_6810.jpg","jetpack_sharing_enabled":true,"_links":{"self":[{"href":"https:\/\/zonaroja.com.mx\/index.php?rest_route=\/wp\/v2\/posts\/29817","targetHints":{"allow":["GET"]}}],"collection":[{"href":"https:\/\/zonaroja.com.mx\/index.php?rest_route=\/wp\/v2\/posts"}],"about":[{"href":"https:\/\/zonaroja.com.mx\/index.php?rest_route=\/wp\/v2\/types\/post"}],"author":[{"embeddable":true,"href":"https:\/\/zonaroja.com.mx\/index.php?rest_route=\/wp\/v2\/users\/2"}],"replies":[{"embeddable":true,"href":"https:\/\/zonaroja.com.mx\/index.php?rest_route=%2Fwp%2Fv2%2Fcomments&post=29817"}],"version-history":[{"count":1,"href":"https:\/\/zonaroja.com.mx\/index.php?rest_route=\/wp\/v2\/posts\/29817\/revisions"}],"predecessor-version":[{"id":29818,"href":"https:\/\/zonaroja.com.mx\/index.php?rest_route=\/wp\/v2\/posts\/29817\/revisions\/29818"}],"wp:featuredmedia":[{"embeddable":true,"href":"https:\/\/zonaroja.com.mx\/index.php?rest_route=\/wp\/v2\/media\/29816"}],"wp:attachment":[{"href":"https:\/\/zonaroja.com.mx\/index.php?rest_route=%2Fwp%2Fv2%2Fmedia&parent=29817"}],"wp:term":[{"taxonomy":"category","embeddable":true,"href":"https:\/\/zonaroja.com.mx\/index.php?rest_route=%2Fwp%2Fv2%2Fcategories&post=29817"},{"taxonomy":"post_tag","embeddable":true,"href":"https:\/\/zonaroja.com.mx\/index.php?rest_route=%2Fwp%2Fv2%2Ftags&post=29817"}],"curies":[{"name":"wp","href":"https:\/\/api.w.org\/{rel}","templated":true}]}}