{"id":29819,"date":"2021-07-16T19:07:15","date_gmt":"2021-07-17T00:07:15","guid":{"rendered":"http:\/\/www.zonaroja.com.mx\/?p=29819"},"modified":"2021-07-16T19:07:17","modified_gmt":"2021-07-17T00:07:17","slug":"tras-ser-destituido-como-dirigente-hipocrates-nolasco-crea-nuevo-organismo-certificador","status":"publish","type":"post","link":"https:\/\/zonaroja.com.mx\/?p=29819","title":{"rendered":"Tras ser destituido como dirigente, Hip\u00f3crates Nolasco crea nuevo organismo certificador"},"content":{"rendered":"\n<p>Evlin Arag\u00f3n\/Zona Roja.<\/p>\n\n\n\n<p>Oaxaca de Ju\u00e1rez, Oax., 16 de julio de 2021.- La controvertida dirigencia del mezcal encabezada por Juanito Mart\u00ednez Santiago y avalada por Hip\u00f3crates Nolasco Cancino, ex dirigente del Consejo Mexicano Regulador de la Calidad del Mezcal (Comercam), reconoci\u00f3 que la decisi\u00f3n tomada ayer por la Secretar\u00eda de Econom\u00eda federal no le favorece; sin embargo, anunci\u00f3 la creaci\u00f3n de un nuevo organismo certificador.&nbsp;<\/p>\n\n\n\n<p>As\u00ed lo dio a conocer mediante una circular, a\u00fan emitida desde la presidencia del Comercam, en que anunci\u00f3 el inicio de la Asociaci\u00f3n de Maguey y Mezcal Artesanal, desde donde continuar\u00e1n certificando la bebida, lo cual podr\u00eda mantener el conflicto vigente.&nbsp;<\/p>\n\n\n\n<p>De acuerdo con Mart\u00ednez Santiago ser\u00e1 mediante este nuevo organismo certificador que mantendr\u00e1n los tr\u00e1mites que productoras y productores ya hab\u00eda iniciado ante el Consejo Regulador hasta su conclusi\u00f3n, adem\u00e1s que advirtieron en breve emitir\u00e1n la convocatoria para que puedan integrarse como socios de dicha asociaci\u00f3n.&nbsp;<\/p>\n\n\n\n<p>\u201cLos tr\u00e1mites que han iniciado con nosotros a nombre del Consejo Mexicano Regulador de la Calidad del Mezcal continuar\u00e1n hasta su conclusi\u00f3n y en ning\u00fan momentos se suspender\u00e1 la certificaci\u00f3n con nosotros, sino hasta tener la aprobaci\u00f3n de la nueva certificadora AMMA AC\u201d, refiere la circular.<\/p>\n\n\n\n<p>As\u00ed mismo, advierte que la misma contar\u00e1 con el avala y las facilidades de la Secretar\u00eda de Econom\u00eda para que inicie operaciones; asegura que la decisi\u00f3n tomada por la dependencia federal fue de car\u00e1cter pol\u00edtica y de ninguna manera normativa.&nbsp;<\/p>\n\n\n\n<p>Finalmente, dio a conocer que las demandas interpuesta contra el grupo, que llam\u00f3 disidente, encabezado Abelino Cohetero Villegas continuar\u00e1n hasta su resoluci\u00f3n judicial.<\/p>\n\n\n\n<p>RECONOCEN A ABELINO<\/p>\n\n\n\n<p>Este jueves, 15 de julio, la Unidad de Normatividad, Competitividad y Competencia, adscrita a la Secretar\u00eda de Econom\u00eda reconoci\u00f3 la dirigencia de Abelino Cohetero Villegas en el Consejo Mexicano Regulador de la Calidad del Mezcal.<\/p>\n\n\n\n<p>As\u00ed consta en el acuerdo firmado que reconoce la Asamblea General Ordinaria de socios celebrada el 15 de mayo de 2021 y acredita la capacidad t\u00e9cnica y operativa del Comercam para continuar con las actividades de evaluaci\u00f3n de conformidad con la Norma Oficial Mexicana NOM-070-SCFI-2016.<\/p>\n\n\n\n<p>Lo anterior luego de dos meses de protestas, mismas que el d\u00eda de ayer derivaron en el bloqueo de la carretera Oaxaca-Istmo, a la altura de la localidad de San Dionisio Ocotepec, misma que ocasion\u00f3 serias complicaciones viales.&nbsp;<\/p>\n","protected":false},"excerpt":{"rendered":"<p>Evlin Arag\u00f3n\/Zona Roja. Oaxaca de Ju\u00e1rez, Oax., 16 de julio de 2021.- La controvertida dirigencia&hellip;<\/p>\n","protected":false},"author":2,"featured_media":14728,"comment_status":"closed","ping_status":"open","sticky":false,"template":"","format":"standard","meta":{"_lmt_disableupdate":"","_lmt_disable":"","_jetpack_memberships_contains_paid_content":false,"footnotes":""},"categories":[109,47],"tags":[2684,2596],"class_list":["post-29819","post","type-post","status-publish","format-standard","has-post-thumbnail","hentry","category-minuto-a-minuto","category-zona-gris","tag-abelino-cohetero-villegas","tag-hipocrates-nolasco-cancino"],"jetpack_featured_media_url":"https:\/\/zonaroja.com.mx\/wp-content\/uploads\/2020\/07\/Consejo-Regulador-Mezcal.jpg","jetpack_sharing_enabled":true,"_links":{"self":[{"href":"https:\/\/zonaroja.com.mx\/index.php?rest_route=\/wp\/v2\/posts\/29819","targetHints":{"allow":["GET"]}}],"collection":[{"href":"https:\/\/zonaroja.com.mx\/index.php?rest_route=\/wp\/v2\/posts"}],"about":[{"href":"https:\/\/zonaroja.com.mx\/index.php?rest_route=\/wp\/v2\/types\/post"}],"author":[{"embeddable":true,"href":"https:\/\/zonaroja.com.mx\/index.php?rest_route=\/wp\/v2\/users\/2"}],"replies":[{"embeddable":true,"href":"https:\/\/zonaroja.com.mx\/index.php?rest_route=%2Fwp%2Fv2%2Fcomments&post=29819"}],"version-history":[{"count":1,"href":"https:\/\/zonaroja.com.mx\/index.php?rest_route=\/wp\/v2\/posts\/29819\/revisions"}],"predecessor-version":[{"id":29820,"href":"https:\/\/zonaroja.com.mx\/index.php?rest_route=\/wp\/v2\/posts\/29819\/revisions\/29820"}],"wp:featuredmedia":[{"embeddable":true,"href":"https:\/\/zonaroja.com.mx\/index.php?rest_route=\/wp\/v2\/media\/14728"}],"wp:attachment":[{"href":"https:\/\/zonaroja.com.mx\/index.php?rest_route=%2Fwp%2Fv2%2Fmedia&parent=29819"}],"wp:term":[{"taxonomy":"category","embeddable":true,"href":"https:\/\/zonaroja.com.mx\/index.php?rest_route=%2Fwp%2Fv2%2Fcategories&post=29819"},{"taxonomy":"post_tag","embeddable":true,"href":"https:\/\/zonaroja.com.mx\/index.php?rest_route=%2Fwp%2Fv2%2Ftags&post=29819"}],"curies":[{"name":"wp","href":"https:\/\/api.w.org\/{rel}","templated":true}]}}