{"id":29824,"date":"2021-07-16T19:54:13","date_gmt":"2021-07-17T00:54:13","guid":{"rendered":"http:\/\/www.zonaroja.com.mx\/?p=29824"},"modified":"2021-07-16T21:56:40","modified_gmt":"2021-07-17T02:56:40","slug":"invita-amlo-a-empresarios-a-instalarse-en-10-parques-industriales-que-habra-en-istmo","status":"publish","type":"post","link":"https:\/\/zonaroja.com.mx\/?p=29824","title":{"rendered":"Invita AMLO a empresarios a instalarse en 10 parques industriales que habr\u00e1 en Istmo"},"content":{"rendered":"\n<p>Redacci\u00f3n\/Zona Roja Cdmx.<\/p>\n\n\n\n<p>Ciudad de M\u00e9xico, 16 de julio de 2021.- Durante la conferencia ma\u00f1anera de Palacio Nacional, este viernes el presidente Andr\u00e9s Manuel L\u00f3pez Obrador indic\u00f3 que se planea construir 10 parques industriales en el Istmo de Tehuantepec, e invit\u00f3 a las empresas a instalarse en esta regi\u00f3n, ya que podr\u00e1n contar con subsidios fiscales por parte del gobierno federal.<\/p>\n\n\n\n<p>\u00abVa a haber 10 parques industriales, las empresas que se quieran ubicar en estos parques van a tener subsidios fiscales, porqu\u00e9 queremos que esto se convierta en una cortina de desarrollo, para que los que tengan necesidad de pasar al norte (Estados Unidos), tengan opciones de desarrollo,\u00bb se\u00f1al\u00f3.<\/p>\n\n\n\n<p>\u00abEl plan incluye rehabilitar de Palenque a Coatzacoalcos, vamos a rehabilitar la v\u00eda (f\u00e9rrea) de Ciudad Ixtepec a los l\u00edmites de Guatemala, este es el segundo proyecto. Vamos a construir el ramal de Dos Bocas, este proyecto va avanzado y lo tenemos que terminar tambi\u00e9n, en el 2023 para que puedan llegar barcos grandes con miles de contenedores, estamos construyendo un rompeolas mar adentro para modernizar este puerto,\u00bb declar\u00f3 el mandatario.<\/p>\n\n\n\n<p>L\u00f3pez Obrador enfatiz\u00f3 la raz\u00f3n por la que se est\u00e1 invirtiendo en esta regi\u00f3n del pa\u00eds: \u00ab\u00bfPor qu\u00e9 el desarrollo de esta regi\u00f3n?, porque esta era la regi\u00f3n olvidada, si para robar les importaba (los gobiernos previos), por eso dejaron sin privatizar las v\u00edas del ferrocarril, no les interesaba. Aqu\u00ed hay mucha pobreza, muchas necesidades, y ahora hay mucha inversi\u00f3n p\u00fablica federal. Es atender el sureste, de aqu\u00ed sali\u00f3 durante d\u00e9cadas una cantidad de presupuesto\u00bb, refiri\u00f3 el mandatario.<\/p>\n\n\n\n<p>El presidente record\u00f3 que en la zona sureste de M\u00e9xico se produce el 95% del petr\u00f3leo de M\u00e9xico, \u00abhubo un tiempo, con Fox, que hasta el 40% del presupuesto proven\u00eda del sureste\u00bb, destac\u00f3, y enfatiz\u00f3 en que ya es tiempo de que se recompense al sureste, para incentivar el desarrollo econ\u00f3mico y social. proyecto que incluye a Veracruz, Oaxaca, Chiapas y Tabasco, se\u00f1al\u00f3.<\/p>\n\n\n\n<p>(Informaci\u00f3n de \u201cEl Heraldo de M\u00e9xico\u201d)<\/p>\n","protected":false},"excerpt":{"rendered":"<p>Redacci\u00f3n\/Zona Roja Cdmx. Ciudad de M\u00e9xico, 16 de julio de 2021.- Durante la conferencia ma\u00f1anera&hellip;<\/p>\n","protected":false},"author":2,"featured_media":26964,"comment_status":"closed","ping_status":"open","sticky":false,"template":"","format":"standard","meta":{"_lmt_disableupdate":"","_lmt_disable":"","_jetpack_memberships_contains_paid_content":false,"footnotes":""},"categories":[109,46],"tags":[143,1068],"class_list":["post-29824","post","type-post","status-publish","format-standard","has-post-thumbnail","hentry","category-minuto-a-minuto","category-zona-blanca","tag-andres-manuel-lopez-obrador","tag-corredor-transistmico"],"jetpack_featured_media_url":"https:\/\/zonaroja.com.mx\/wp-content\/uploads\/2021\/05\/Puerto-de-Salina-Cruz-1.jpg","jetpack_sharing_enabled":true,"_links":{"self":[{"href":"https:\/\/zonaroja.com.mx\/index.php?rest_route=\/wp\/v2\/posts\/29824","targetHints":{"allow":["GET"]}}],"collection":[{"href":"https:\/\/zonaroja.com.mx\/index.php?rest_route=\/wp\/v2\/posts"}],"about":[{"href":"https:\/\/zonaroja.com.mx\/index.php?rest_route=\/wp\/v2\/types\/post"}],"author":[{"embeddable":true,"href":"https:\/\/zonaroja.com.mx\/index.php?rest_route=\/wp\/v2\/users\/2"}],"replies":[{"embeddable":true,"href":"https:\/\/zonaroja.com.mx\/index.php?rest_route=%2Fwp%2Fv2%2Fcomments&post=29824"}],"version-history":[{"count":2,"href":"https:\/\/zonaroja.com.mx\/index.php?rest_route=\/wp\/v2\/posts\/29824\/revisions"}],"predecessor-version":[{"id":29832,"href":"https:\/\/zonaroja.com.mx\/index.php?rest_route=\/wp\/v2\/posts\/29824\/revisions\/29832"}],"wp:featuredmedia":[{"embeddable":true,"href":"https:\/\/zonaroja.com.mx\/index.php?rest_route=\/wp\/v2\/media\/26964"}],"wp:attachment":[{"href":"https:\/\/zonaroja.com.mx\/index.php?rest_route=%2Fwp%2Fv2%2Fmedia&parent=29824"}],"wp:term":[{"taxonomy":"category","embeddable":true,"href":"https:\/\/zonaroja.com.mx\/index.php?rest_route=%2Fwp%2Fv2%2Fcategories&post=29824"},{"taxonomy":"post_tag","embeddable":true,"href":"https:\/\/zonaroja.com.mx\/index.php?rest_route=%2Fwp%2Fv2%2Ftags&post=29824"}],"curies":[{"name":"wp","href":"https:\/\/api.w.org\/{rel}","templated":true}]}}