{"id":29835,"date":"2021-07-16T22:15:26","date_gmt":"2021-07-17T03:15:26","guid":{"rendered":"http:\/\/www.zonaroja.com.mx\/?p=29835"},"modified":"2021-07-16T22:15:28","modified_gmt":"2021-07-17T03:15:28","slug":"indagan-ejecucion-de-dos-trabajadores-de-cfe-en-el-istmo","status":"publish","type":"post","link":"https:\/\/zonaroja.com.mx\/?p=29835","title":{"rendered":"Indagan ejecuci\u00f3n de dos trabajadores de CFE en el Istmo"},"content":{"rendered":"\n<p>Redacci\u00f3n\/Zona Roja.<\/p>\n\n\n\n<p>Oaxaca de Ju\u00e1rez, Oax., 16 de julio de 2021.- La Fiscal\u00eda General del Estado de Oaxaca investiga la ejecuci\u00f3n de dos trabajadores de la Comisi\u00f3n Federal de Electricidad (CFE), registrada el mi\u00e9rcoles por la noche en el municipio de Santo Domingo Zanatepec.<\/p>\n\n\n\n<p>Las v\u00edctimas fueron identificadas de manera preliminar como H\u00e9ctor No\u00e9 G. G., de 34 a\u00f1os de edad, con domicilio en Santo Domingo de Metepec, y No\u00e9 R. M., de 26 a\u00f1os, originario de Arriaga, Chiapas.<\/p>\n\n\n\n<p>Al levantar los cad\u00e1veres, localizados en un camino de terracer\u00eda en Zanatepec, les hallaron credenciales de trabajadores de la CFE y uno de ellos era liniero de la Zona de Distribuci\u00f3n Tehuantepec.<\/p>\n\n\n\n<p>La Fiscal\u00eda indaga adem\u00e1s si se trat\u00f3 de una emboscada o fueron ejecutados de manera directa, pues la unidad de motor en que viajaban presenta m\u00faltiples disparos de arma de fuego.<\/p>\n\n\n\n<p>Hasta el momento no hay mayores datos del doble homicidio; los cuerpos fueron reclamados ayer por sus familiares y llevados a su lugar de origen.<\/p>\n","protected":false},"excerpt":{"rendered":"<p>Redacci\u00f3n\/Zona Roja. Oaxaca de Ju\u00e1rez, Oax., 16 de julio de 2021.- La Fiscal\u00eda General del&hellip;<\/p>\n","protected":false},"author":2,"featured_media":7486,"comment_status":"closed","ping_status":"open","sticky":false,"template":"","format":"standard","meta":{"_lmt_disableupdate":"","_lmt_disable":"","_jetpack_memberships_contains_paid_content":false,"footnotes":""},"categories":[1],"tags":[],"class_list":["post-29835","post","type-post","status-publish","format-standard","has-post-thumbnail","hentry","category-sin-categoria"],"jetpack_featured_media_url":"https:\/\/zonaroja.com.mx\/wp-content\/uploads\/2020\/01\/Escena-del-crimen7.jpg","jetpack_sharing_enabled":true,"_links":{"self":[{"href":"https:\/\/zonaroja.com.mx\/index.php?rest_route=\/wp\/v2\/posts\/29835","targetHints":{"allow":["GET"]}}],"collection":[{"href":"https:\/\/zonaroja.com.mx\/index.php?rest_route=\/wp\/v2\/posts"}],"about":[{"href":"https:\/\/zonaroja.com.mx\/index.php?rest_route=\/wp\/v2\/types\/post"}],"author":[{"embeddable":true,"href":"https:\/\/zonaroja.com.mx\/index.php?rest_route=\/wp\/v2\/users\/2"}],"replies":[{"embeddable":true,"href":"https:\/\/zonaroja.com.mx\/index.php?rest_route=%2Fwp%2Fv2%2Fcomments&post=29835"}],"version-history":[{"count":1,"href":"https:\/\/zonaroja.com.mx\/index.php?rest_route=\/wp\/v2\/posts\/29835\/revisions"}],"predecessor-version":[{"id":29836,"href":"https:\/\/zonaroja.com.mx\/index.php?rest_route=\/wp\/v2\/posts\/29835\/revisions\/29836"}],"wp:featuredmedia":[{"embeddable":true,"href":"https:\/\/zonaroja.com.mx\/index.php?rest_route=\/wp\/v2\/media\/7486"}],"wp:attachment":[{"href":"https:\/\/zonaroja.com.mx\/index.php?rest_route=%2Fwp%2Fv2%2Fmedia&parent=29835"}],"wp:term":[{"taxonomy":"category","embeddable":true,"href":"https:\/\/zonaroja.com.mx\/index.php?rest_route=%2Fwp%2Fv2%2Fcategories&post=29835"},{"taxonomy":"post_tag","embeddable":true,"href":"https:\/\/zonaroja.com.mx\/index.php?rest_route=%2Fwp%2Fv2%2Ftags&post=29835"}],"curies":[{"name":"wp","href":"https:\/\/api.w.org\/{rel}","templated":true}]}}