{"id":29847,"date":"2021-07-17T07:33:06","date_gmt":"2021-07-17T12:33:06","guid":{"rendered":"http:\/\/www.zonaroja.com.mx\/?p=29847"},"modified":"2021-07-17T07:33:10","modified_gmt":"2021-07-17T12:33:10","slug":"crece-alarma-por-covid-en-oaxaca-hay-mil-354-personas-cursando-enfermedad","status":"publish","type":"post","link":"https:\/\/zonaroja.com.mx\/?p=29847","title":{"rendered":"Crece alarma por Covid en Oaxaca; hay mil 354 personas cursando enfermedad"},"content":{"rendered":"\n<p>Redacci\u00f3n\/Zona Roja.<\/p>\n\n\n\n<p>Oaxaca de Ju\u00e1rez, Oax., 17 de julio de 2021.- Al corte de este viernes 16 de julio, los Servicios de Salud de Oaxaca (SSO), se han notificado 88 mil 616 casos, de los cuales 32 mil 504 han sido negativos, hay cinco mil 163 casos sospechosos, y 45 mil 571 se han recuperado.<\/p>\n\n\n\n<p>Adem\u00e1s, se ha registrado un aumento en la ocupaci\u00f3n hospitalaria al pasar del 42.9% al 45.4%, as\u00ed como 265 casos positivos y cinco decesos, que suman 50 mil 949 casos acumulados y cuatro mil 024 defunciones, hay mil 354 personas activas con la enfermedad.<\/p>\n\n\n\n<p>En un comunicado, la dependencia hizo un llamado a la poblaci\u00f3n en general, para continuar con las medidas de mitigaci\u00f3n y disminuir el n\u00famero de casos por Covid-19, usando el cubrebocas en espacios p\u00fablicos y cerrados, aplicar la sana distancia y el lavado de manos.<\/p>\n\n\n\n<p>Por Jurisdicci\u00f3n Sanitaria Valles Centrales, contabiliza 33 mil 563 casos confirmados y mil 923 defunciones, Istmo cinco mil 446 casos confirmados y 792 fallecimientos, Tuxtepec tres mil 096 casos confirmados y 355 muertes, Costa dos mil 883 casos confirmados y 319 defunciones, Mixteca cuatro mil 157 y 409 fallecimientos, Sierra mil 804 casos confirmados y 226 muertes.<\/p>\n\n\n\n<figure class=\"wp-block-embed-twitter wp-block-embed is-type-rich is-provider-twitter\"><div class=\"wp-block-embed__wrapper\">\n<div class=\"twitter-tweet\"><blockquote class=\"twitter-tweet\" data-lang=\"es\"><p lang=\"es\" dir=\"ltr\"><a href=\"https:\/\/twitter.com\/hashtag\/%C3%9AltimoMinuto?src=hash&amp;ref_src=twsrc%5Etfw\">#\u00daltimoMinuto<\/a><br>En el caso de <a href=\"https:\/\/twitter.com\/hashtag\/Oaxaca?src=hash&amp;ref_src=twsrc%5Etfw\">#Oaxaca<\/a>, los Servicios de Salud reportaron este viernes decesos, para un acumulado de 4 mil 24 defunciones.<br>Adem\u00e1s, 265 casos positivos, con lo que suman 50 mil 949 casos confirmados.<br>Hay 6 hospitales saturados de pacientes.<a href=\"https:\/\/twitter.com\/hashtag\/Qu%C3%A9dateEnCasa?src=hash&amp;ref_src=twsrc%5Etfw\">#Qu\u00e9dateEnCasa<\/a> <a href=\"https:\/\/t.co\/dX97mcfaTE\">pic.twitter.com\/dX97mcfaTE<\/a><\/p>&mdash; Zona Roja Oaxaca (@Zona_Roja_Oax) <a href=\"https:\/\/twitter.com\/Zona_Roja_Oax\/status\/1416213112395636739?ref_src=twsrc%5Etfw\">17 de julio de 2021<\/a><\/blockquote><\/div>\n<\/div><\/figure>\n\n\n\n<p>Los 265 casos nuevos de Covid-19, afectan a 55 municipios, siendo el de Oaxaca de Ju\u00e1rez el que ocupa el primer lugar con 56, Ciudad Ixtepec y Salina Cruz 22 cada uno, Miahuatl\u00e1n de Porfirio D\u00edaz 13, Juchit\u00e1n de Zaragoza 12, Santa Mar\u00eda Huatulco 10, Asunci\u00f3n Ixtaltepec nueve, San Pedro Mixtepec ocho, Loma Bonita y Santa Luc\u00eda del Camino siete cada uno, el resto de seis a un solo caso.<\/p>\n\n\n\n<p>De las cuatro mil 024 defunciones, dos mil 597 son hombres y mil 427 mujeres; los grupos de edad m\u00e1s afectados, son el de 65 y m\u00e1s a\u00f1os con mil 911, de 50 a 59 con 887, y de 60 a 64 con 577; las comorbilidades asociadas son la hipertensi\u00f3n arterial, diabetes, obesidad e insuficiencia renal.<\/p>\n\n\n\n<p>En relaci\u00f3n a la ocupaci\u00f3n hospitalaria, hay un 45.4% global, seis hospitales est\u00e1n al 100% de ocupaci\u00f3n, se reportan siete nuevos hospitalizados; hay 164 camas ocupadas de un total de 361 y disponibles 197.<\/p>\n\n\n\n<p>Por Jurisdicci\u00f3n Sanitaria, Valles Centrales registra un 37.7%, Istmo 54.8%, Tuxtepec 79.3%, Costa 52.9%, Mixteca 25% y Sierra cero por ciento.<\/p>\n\n\n\n<figure class=\"wp-block-embed-twitter wp-block-embed is-type-rich is-provider-twitter\"><div class=\"wp-block-embed__wrapper\">\n<div class=\"twitter-tweet\"><blockquote class=\"twitter-tweet\" data-lang=\"es\"><p lang=\"es\" dir=\"ltr\">Este 16 de julio <a href=\"https:\/\/twitter.com\/hashtag\/Oaxaca?src=hash&amp;ref_src=twsrc%5Etfw\">#Oaxaca<\/a> termina registrando 50,949 casos positivos acumulados de <a href=\"https:\/\/twitter.com\/hashtag\/COVID19?src=hash&amp;ref_src=twsrc%5Etfw\">#COVID19<\/a>, y lamentablemente 4,024 defunciones.<br><br>La manera en que podremos frenar contagios, defunciones y hospitalizaciones a causa del <a href=\"https:\/\/twitter.com\/hashtag\/SARSCoV2?src=hash&amp;ref_src=twsrc%5Etfw\">#SARSCoV2<\/a>, es con la colaboraci\u00f3n de todas y todos. <a href=\"https:\/\/t.co\/iWPmx5lK5e\">pic.twitter.com\/iWPmx5lK5e<\/a><\/p>&mdash; Servicios de Salud (@SSO_GobOax) <a href=\"https:\/\/twitter.com\/SSO_GobOax\/status\/1416209994337423364?ref_src=twsrc%5Etfw\">17 de julio de 2021<\/a><\/blockquote><\/div>\n<\/div><\/figure>\n","protected":false},"excerpt":{"rendered":"<p>Redacci\u00f3n\/Zona Roja. Oaxaca de Ju\u00e1rez, Oax., 17 de julio de 2021.- Al corte de este&hellip;<\/p>\n","protected":false},"author":2,"featured_media":29841,"comment_status":"closed","ping_status":"open","sticky":false,"template":"","format":"standard","meta":{"_lmt_disableupdate":"","_lmt_disable":"","_jetpack_memberships_contains_paid_content":false,"footnotes":""},"categories":[109,47],"tags":[1512],"class_list":["post-29847","post","type-post","status-publish","format-standard","has-post-thumbnail","hentry","category-minuto-a-minuto","category-zona-gris","tag-coronavirus-oaxaca"],"jetpack_featured_media_url":"https:\/\/zonaroja.com.mx\/wp-content\/uploads\/2021\/07\/Covid-calles-llenas-Oaxaca.jpg","jetpack_sharing_enabled":true,"_links":{"self":[{"href":"https:\/\/zonaroja.com.mx\/index.php?rest_route=\/wp\/v2\/posts\/29847","targetHints":{"allow":["GET"]}}],"collection":[{"href":"https:\/\/zonaroja.com.mx\/index.php?rest_route=\/wp\/v2\/posts"}],"about":[{"href":"https:\/\/zonaroja.com.mx\/index.php?rest_route=\/wp\/v2\/types\/post"}],"author":[{"embeddable":true,"href":"https:\/\/zonaroja.com.mx\/index.php?rest_route=\/wp\/v2\/users\/2"}],"replies":[{"embeddable":true,"href":"https:\/\/zonaroja.com.mx\/index.php?rest_route=%2Fwp%2Fv2%2Fcomments&post=29847"}],"version-history":[{"count":1,"href":"https:\/\/zonaroja.com.mx\/index.php?rest_route=\/wp\/v2\/posts\/29847\/revisions"}],"predecessor-version":[{"id":29848,"href":"https:\/\/zonaroja.com.mx\/index.php?rest_route=\/wp\/v2\/posts\/29847\/revisions\/29848"}],"wp:featuredmedia":[{"embeddable":true,"href":"https:\/\/zonaroja.com.mx\/index.php?rest_route=\/wp\/v2\/media\/29841"}],"wp:attachment":[{"href":"https:\/\/zonaroja.com.mx\/index.php?rest_route=%2Fwp%2Fv2%2Fmedia&parent=29847"}],"wp:term":[{"taxonomy":"category","embeddable":true,"href":"https:\/\/zonaroja.com.mx\/index.php?rest_route=%2Fwp%2Fv2%2Fcategories&post=29847"},{"taxonomy":"post_tag","embeddable":true,"href":"https:\/\/zonaroja.com.mx\/index.php?rest_route=%2Fwp%2Fv2%2Ftags&post=29847"}],"curies":[{"name":"wp","href":"https:\/\/api.w.org\/{rel}","templated":true}]}}