{"id":29849,"date":"2021-07-17T07:43:04","date_gmt":"2021-07-17T12:43:04","guid":{"rendered":"http:\/\/www.zonaroja.com.mx\/?p=29849"},"modified":"2021-07-17T07:43:07","modified_gmt":"2021-07-17T12:43:07","slug":"ratifica-martinez-neri-que-encabezara-un-gobierno-de-izquierda","status":"publish","type":"post","link":"https:\/\/zonaroja.com.mx\/?p=29849","title":{"rendered":"Ratifica Mart\u00ednez Neri que encabezar\u00e1 un gobierno de izquierda"},"content":{"rendered":"\n<p>Redacci\u00f3n\/Zona Roja.<\/p>\n\n\n\n<p>Oaxaca de Ju\u00e1rez, Oax., 17 de julio de 2021. \u201cVamos a trabajar muy fuertemente para poner el poder al servicio del pueblo\u201d, sostuvo el edil electo del municipio de Oaxaca de Ju\u00e1rez, al iniciar en la agencia municipal de Dolores, la gira para agradecer la confianza que la gente deposit\u00f3 en su persona y toda la planilla de morena, que gobernar\u00e1 durante el trienio 2022-2024.<\/p>\n\n\n\n<p>Ante una multitud de personas Neri, dijo: \u00abagradezco este recibimiento y la presencia de mis amigos agentes municipales presentes y a servidores p\u00fablicos de este lugar.<\/p>\n\n\n\n<p>En su intervenci\u00f3n, el edil electo mencion\u00f3 que es&nbsp; la hora de la verdad. Vamos a probar de qu\u00e9 estamos hechos, afirm\u00f3.<\/p>\n\n\n\n<p>M\u00e1s adelante, una vez escuchadas las ovaciones reiteradas que interrump\u00edan su discurso, Mart\u00ednez Neri manifest\u00f3 que compart\u00eda la&nbsp; expresi\u00f3n que le han dicho, en el sentido de que esta administraci\u00f3n municipal que \u00e9l encabeza, podr\u00eda inaugurar una administraci\u00f3n de izquierda en el municipio.<\/p>\n\n\n\n<p>Entiendo, continu\u00f3, las problem\u00e1ticas a las que se enfrent\u00f3 la autoridad municipal; pero aqu\u00ed estamos para la instauraci\u00f3n de un poder municipal al servicio del pueblo.<\/p>\n\n\n\n<p>Tenemos, afirm\u00f3, la obligaci\u00f3n de instaurar un municipio con ideolog\u00eda de izquierda. Todos los que aqu\u00ed estamos abrazan esa ideolog\u00eda. Los dem\u00e1s estar\u00e1n tambi\u00e9n. Pero hay quienes tienen m\u00e1s carencias y sufrimiento que otros, expres\u00f3.<\/p>\n\n\n\n<p>Con esta gira, abund\u00f3, estamos refrendando el compromiso, uno&nbsp; que es de todos. Vamos a tomar el tim\u00f3n del barco; pero todos somos remeros, dijo.<\/p>\n\n\n\n<p>Continuando con su discurso sostuvo que al t\u00e9rmino de la gesti\u00f3n vendr\u00e1 el juicio de la historia. \u201cPor eso hay una gran responsabilidad que cae sobre todos; pero, fundamentalmente, sobre m\u00ed\u201d, estableci\u00f3 el abanderado de Morena que gan\u00f3 las elecciones municipales del pasado mes de junio.<\/p>\n\n\n\n<p>Lo importante es, prosigui\u00f3, que esos planteamientos ideol\u00f3gicos y filos\u00f3ficos de la izquierda&nbsp; que manifestarnos, deben ponerse en pr\u00e1ctica y, eso, solo se demuestra si los principios de&nbsp; honradez, eficacia y eficiencia y una profunda vocaci\u00f3n de servicio, se convierten en ejes orientadores de nuestra funci\u00f3n. Finalmente, el pr\u00f3ximo presidente municipal, sentenci\u00f3 que aquel que no quiera servir, tendr\u00e1 que sufrir las consecuencias.<\/p>\n\n\n\n<p>\u201cTendremos que darle las gracias, pues necesitamos dar lecciones de esfuerzo, de trabajo. Para eso salimos a las calles, no para otra cosa, finaliz\u00f3\u201d Francisco Mart\u00ednez Neri.<\/p>\n","protected":false},"excerpt":{"rendered":"<p>Redacci\u00f3n\/Zona Roja. Oaxaca de Ju\u00e1rez, Oax., 17 de julio de 2021. \u201cVamos a trabajar muy&hellip;<\/p>\n","protected":false},"author":2,"featured_media":29840,"comment_status":"closed","ping_status":"open","sticky":false,"template":"","format":"standard","meta":{"_lmt_disableupdate":"","_lmt_disable":"","_jetpack_memberships_contains_paid_content":false,"footnotes":""},"categories":[109,46],"tags":[2418],"class_list":["post-29849","post","type-post","status-publish","format-standard","has-post-thumbnail","hentry","category-minuto-a-minuto","category-zona-blanca","tag-francisco-martinez-neri"],"jetpack_featured_media_url":"https:\/\/zonaroja.com.mx\/wp-content\/uploads\/2021\/07\/Francisco-Martinez-Neri.jpg","jetpack_sharing_enabled":true,"_links":{"self":[{"href":"https:\/\/zonaroja.com.mx\/index.php?rest_route=\/wp\/v2\/posts\/29849","targetHints":{"allow":["GET"]}}],"collection":[{"href":"https:\/\/zonaroja.com.mx\/index.php?rest_route=\/wp\/v2\/posts"}],"about":[{"href":"https:\/\/zonaroja.com.mx\/index.php?rest_route=\/wp\/v2\/types\/post"}],"author":[{"embeddable":true,"href":"https:\/\/zonaroja.com.mx\/index.php?rest_route=\/wp\/v2\/users\/2"}],"replies":[{"embeddable":true,"href":"https:\/\/zonaroja.com.mx\/index.php?rest_route=%2Fwp%2Fv2%2Fcomments&post=29849"}],"version-history":[{"count":1,"href":"https:\/\/zonaroja.com.mx\/index.php?rest_route=\/wp\/v2\/posts\/29849\/revisions"}],"predecessor-version":[{"id":29850,"href":"https:\/\/zonaroja.com.mx\/index.php?rest_route=\/wp\/v2\/posts\/29849\/revisions\/29850"}],"wp:featuredmedia":[{"embeddable":true,"href":"https:\/\/zonaroja.com.mx\/index.php?rest_route=\/wp\/v2\/media\/29840"}],"wp:attachment":[{"href":"https:\/\/zonaroja.com.mx\/index.php?rest_route=%2Fwp%2Fv2%2Fmedia&parent=29849"}],"wp:term":[{"taxonomy":"category","embeddable":true,"href":"https:\/\/zonaroja.com.mx\/index.php?rest_route=%2Fwp%2Fv2%2Fcategories&post=29849"},{"taxonomy":"post_tag","embeddable":true,"href":"https:\/\/zonaroja.com.mx\/index.php?rest_route=%2Fwp%2Fv2%2Ftags&post=29849"}],"curies":[{"name":"wp","href":"https:\/\/api.w.org\/{rel}","templated":true}]}}