{"id":2985,"date":"2019-08-11T07:51:22","date_gmt":"2019-08-11T12:51:22","guid":{"rendered":"http:\/\/www.zonaroja.com.mx\/?p=2985"},"modified":"2019-08-11T08:13:29","modified_gmt":"2019-08-11T13:13:29","slug":"asaltos-incesantes-ahora-fue-en-huajuapan-de-leon","status":"publish","type":"post","link":"https:\/\/zonaroja.com.mx\/?p=2985","title":{"rendered":"Asaltos incesantes, ahora fue en Huajuapan de Le\u00f3n"},"content":{"rendered":"\n<p>Redacci\u00f3n\/Zona Roja.<\/p>\n\n\n\n<p>Oaxaca de Ju\u00e1rez, Oax., 10 de agosto de\n2019.- En la Mixteca, una de las regiones en que la Secretar\u00eda de Seguridad\nP\u00fablica de Oaxaca anunci\u00f3 que implementar\u00eda operativos conjuntos para disuadir\nla delincuencia, la inseguridad no cesa.<\/p>\n\n\n\n<p>La tarde de este s\u00e1bado, un individuo\nprovisto de un arma de fuego asalt\u00f3 la sucursal de una casa de empe\u00f1os\ndenominado \u201cPrenda Joya\u201d, en Huajuapan de Le\u00f3n.<\/p>\n\n\n\n<p>De acuerdo con el sitio \u201cInformativo 6\ny 7\u201d, el atraco ocurri\u00f3 alrededor de las 13:00 horas en el establecimiento\nubicado en la calle Valerio Trujano de la colonia Santa Rosa Segunda Secci\u00f3n.<\/p>\n\n\n\n<p>Abel de 30 a\u00f1os de edad, quien dijo ser\nempleado de la casa de empe\u00f1os, cont\u00f3 a los uniformados que minutos antes\ningres\u00f3 al local comercial un hombre, de alrededor de un metro con 60\ncent\u00edmetros de estatura, mismo que luego de golpearlo un arma de fuego en la\ncabeza y barbilla supuestamente se llev\u00f3 el dinero.<\/p>\n\n\n\n<p>Agreg\u00f3 que el malhechor de complexi\u00f3n\nrobusta y playera gris, huy\u00f3 con direcci\u00f3n a la calle Pino, v\u00eda que se ubicada\nde dicho asentamiento.<\/p>\n\n\n\n<p>Al lugar lleg\u00f3 la supuesta propietaria quien\nenojada expres\u00f3 que no hab\u00edan hurtado el dinero, y se neg\u00f3 a proporcionar m\u00e1s\ndatos de lo ocurrido.<\/p>\n\n\n\n<p>Ante ello, los uniformados le\nrecomendaron a los afectados a que acudieran a interponer la denuncia\ncorrespondiente ante la Vicefiscal\u00eda Regional de la Mixteca.<\/p>\n","protected":false},"excerpt":{"rendered":"<p>Redacci\u00f3n\/Zona Roja. Oaxaca de Ju\u00e1rez, Oax., 10 de agosto de 2019.- En la Mixteca, una&hellip;<\/p>\n","protected":false},"author":2,"featured_media":2995,"comment_status":"closed","ping_status":"open","sticky":false,"template":"","format":"standard","meta":{"_lmt_disableupdate":"","_lmt_disable":"","_jetpack_memberships_contains_paid_content":false,"footnotes":""},"categories":[109,51],"tags":[532],"class_list":["post-2985","post","type-post","status-publish","format-standard","has-post-thumbnail","hentry","category-minuto-a-minuto","category-zona-roja","tag-asalto-en-huajuapan"],"jetpack_featured_media_url":"https:\/\/zonaroja.com.mx\/wp-content\/uploads\/2019\/08\/Asalto-Huajupan-1.jpg","jetpack_sharing_enabled":true,"_links":{"self":[{"href":"https:\/\/zonaroja.com.mx\/index.php?rest_route=\/wp\/v2\/posts\/2985","targetHints":{"allow":["GET"]}}],"collection":[{"href":"https:\/\/zonaroja.com.mx\/index.php?rest_route=\/wp\/v2\/posts"}],"about":[{"href":"https:\/\/zonaroja.com.mx\/index.php?rest_route=\/wp\/v2\/types\/post"}],"author":[{"embeddable":true,"href":"https:\/\/zonaroja.com.mx\/index.php?rest_route=\/wp\/v2\/users\/2"}],"replies":[{"embeddable":true,"href":"https:\/\/zonaroja.com.mx\/index.php?rest_route=%2Fwp%2Fv2%2Fcomments&post=2985"}],"version-history":[{"count":1,"href":"https:\/\/zonaroja.com.mx\/index.php?rest_route=\/wp\/v2\/posts\/2985\/revisions"}],"predecessor-version":[{"id":2991,"href":"https:\/\/zonaroja.com.mx\/index.php?rest_route=\/wp\/v2\/posts\/2985\/revisions\/2991"}],"wp:featuredmedia":[{"embeddable":true,"href":"https:\/\/zonaroja.com.mx\/index.php?rest_route=\/wp\/v2\/media\/2995"}],"wp:attachment":[{"href":"https:\/\/zonaroja.com.mx\/index.php?rest_route=%2Fwp%2Fv2%2Fmedia&parent=2985"}],"wp:term":[{"taxonomy":"category","embeddable":true,"href":"https:\/\/zonaroja.com.mx\/index.php?rest_route=%2Fwp%2Fv2%2Fcategories&post=2985"},{"taxonomy":"post_tag","embeddable":true,"href":"https:\/\/zonaroja.com.mx\/index.php?rest_route=%2Fwp%2Fv2%2Ftags&post=2985"}],"curies":[{"name":"wp","href":"https:\/\/api.w.org\/{rel}","templated":true}]}}