{"id":29851,"date":"2021-07-17T08:03:08","date_gmt":"2021-07-17T13:03:08","guid":{"rendered":"http:\/\/www.zonaroja.com.mx\/?p=29851"},"modified":"2021-07-17T08:03:11","modified_gmt":"2021-07-17T13:03:11","slug":"lamentan-uso-proselitista-de-morenistas-en-juicio-a-ex-presidentes","status":"publish","type":"post","link":"https:\/\/zonaroja.com.mx\/?p=29851","title":{"rendered":"Lamentan uso proselitista de morenistas en juicio a ex presidentes"},"content":{"rendered":"\n<p>Redacci\u00f3n\/Zona Roja.<\/p>\n\n\n\n<p>Oaxaca de Ju\u00e1rez, Oax., 17 de julio de 2021.- En clara alusi\u00f3n a las actividades de diversos pol\u00edticos como Salom\u00f3n Jara Cruz y Armando Contreras Castillo, entre otros, organizadores de la consulta para enjuiciar a ex presidentes de M\u00e9xico lamentaron el uso proselitista de esta jornada, que se llevar\u00e1 a cabo el pr\u00f3ximo 1 de agosto en el pa\u00eds.<\/p>\n\n\n\n<p>\u201cVienen los tiempos electorales marcados en las leyes y dem\u00e1s, no tenemos por qu\u00e9 andar en actos anticipados de compa\u00f1eras y compa\u00f1eros que anden en este asunto; pero bueno, condenamos este tipo de pr\u00e1cticas en el entendido de que, si quieren servir realmente a este acto de justicia, acompa\u00f1en, no suplanten\u201d, dijo Omar Garc\u00eda, uno de los organizadores.<\/p>\n\n\n\n<p>La tarde de ayer, en un restaurante de la capital, ofrecieron una conferencia de prensa, a la que asistieron\u00a0 algunos legisladores, para convocar a la sociedad a ser part\u00edcipe de este ejercicio, en que se pide a los mexicanos preguntar si se lleva a juicio o no a Carlos Salinas de Gortari, Felipe Calder\u00f3n Hinojosa, Vicente Fox Quesada, Enrique Pe\u00f1a Nieto.<\/p>\n\n\n\n<figure class=\"wp-block-embed-twitter wp-block-embed is-type-rich is-provider-twitter\"><div class=\"wp-block-embed__wrapper\">\n<div class=\"twitter-tweet\"><blockquote class=\"twitter-tweet\" data-lang=\"es\"><p lang=\"es\" dir=\"ltr\">En alusi\u00f3n al proselitismo de <a href=\"https:\/\/twitter.com\/salomonj?ref_src=twsrc%5Etfw\">@salomonj<\/a>, morenistas que organizan el juicio a ex presidentes de M\u00e9xico condenaron el uso electoral de esta jornada. \u201cCondenamos este tipo de pr\u00e1cticas, en el entendido que si quieren servir a la exigencia de justicia, acompa\u00f1en, no suplanten\u201d. <a href=\"https:\/\/t.co\/41wbOKGpEN\">pic.twitter.com\/41wbOKGpEN<\/a><\/p>&mdash; Zona Roja Oaxaca (@Zona_Roja_Oax) <a href=\"https:\/\/twitter.com\/Zona_Roja_Oax\/status\/1416225171837538317?ref_src=twsrc%5Etfw\">17 de julio de 2021<\/a><\/blockquote><\/div>\n<\/div><\/figure>\n\n\n\n<p>\u201cEl primero de agosto es un ejercicio popular, es un ejercicio del pueblo, en el cual, si gustan acompa\u00f1ar este proceso, bienvenido sea el acompa\u00f1amiento. Pero es eso, acompa\u00f1ar, no suplantar, si no somos capaces de entender eso pues estamos muy mal.<\/p>\n\n\n\n<p>\u201cEntendemos que vienen procesos electorales en este a\u00f1o que viene aqu\u00ed en Oaxaca y otros lados, que muchos personajes quisieran catalizar este tema para pues para empezar a figurar\u201d, sostuvo Omar Garc\u00eda.<\/p>\n\n\n\n<p>Expuso que la \u00fanica petici\u00f3n que tienen los organizadores es que no se utilice esta jornada para promociones personales, para poner mantas en espacios p\u00fablicos en que se promocione a tal o cual brigada a fin de figurar.<\/p>\n\n\n\n<p>Por esta consulta de juicio a ex presidentes de M\u00e9xico, desde ayer el Instituto Nacional Electoral impuso una veda electoral a todas las instituciones p\u00fablicas, municipales, estatales y federales.<\/p>\n","protected":false},"excerpt":{"rendered":"<p>Redacci\u00f3n\/Zona Roja. Oaxaca de Ju\u00e1rez, Oax., 17 de julio de 2021.- En clara alusi\u00f3n a&hellip;<\/p>\n","protected":false},"author":2,"featured_media":29852,"comment_status":"closed","ping_status":"open","sticky":false,"template":"","format":"standard","meta":{"_lmt_disableupdate":"","_lmt_disable":"","_jetpack_memberships_contains_paid_content":false,"footnotes":""},"categories":[109,47],"tags":[],"class_list":["post-29851","post","type-post","status-publish","format-standard","has-post-thumbnail","hentry","category-minuto-a-minuto","category-zona-gris"],"jetpack_featured_media_url":"https:\/\/zonaroja.com.mx\/wp-content\/uploads\/2021\/07\/Morena-juicio-ex-presidentes.jpg","jetpack_sharing_enabled":true,"_links":{"self":[{"href":"https:\/\/zonaroja.com.mx\/index.php?rest_route=\/wp\/v2\/posts\/29851","targetHints":{"allow":["GET"]}}],"collection":[{"href":"https:\/\/zonaroja.com.mx\/index.php?rest_route=\/wp\/v2\/posts"}],"about":[{"href":"https:\/\/zonaroja.com.mx\/index.php?rest_route=\/wp\/v2\/types\/post"}],"author":[{"embeddable":true,"href":"https:\/\/zonaroja.com.mx\/index.php?rest_route=\/wp\/v2\/users\/2"}],"replies":[{"embeddable":true,"href":"https:\/\/zonaroja.com.mx\/index.php?rest_route=%2Fwp%2Fv2%2Fcomments&post=29851"}],"version-history":[{"count":1,"href":"https:\/\/zonaroja.com.mx\/index.php?rest_route=\/wp\/v2\/posts\/29851\/revisions"}],"predecessor-version":[{"id":29853,"href":"https:\/\/zonaroja.com.mx\/index.php?rest_route=\/wp\/v2\/posts\/29851\/revisions\/29853"}],"wp:featuredmedia":[{"embeddable":true,"href":"https:\/\/zonaroja.com.mx\/index.php?rest_route=\/wp\/v2\/media\/29852"}],"wp:attachment":[{"href":"https:\/\/zonaroja.com.mx\/index.php?rest_route=%2Fwp%2Fv2%2Fmedia&parent=29851"}],"wp:term":[{"taxonomy":"category","embeddable":true,"href":"https:\/\/zonaroja.com.mx\/index.php?rest_route=%2Fwp%2Fv2%2Fcategories&post=29851"},{"taxonomy":"post_tag","embeddable":true,"href":"https:\/\/zonaroja.com.mx\/index.php?rest_route=%2Fwp%2Fv2%2Ftags&post=29851"}],"curies":[{"name":"wp","href":"https:\/\/api.w.org\/{rel}","templated":true}]}}