{"id":29855,"date":"2021-07-17T12:12:46","date_gmt":"2021-07-17T17:12:46","guid":{"rendered":"https:\/\/www.zonaroja.com.mx\/?p=29855"},"modified":"2021-07-17T12:12:49","modified_gmt":"2021-07-17T17:12:49","slug":"muere-turista-espanol-que-surfeaba-en-zicatela-oaxaca","status":"publish","type":"post","link":"https:\/\/zonaroja.com.mx\/?p=29855","title":{"rendered":"Muere turista espa\u00f1ol que surfeaba en Zicatela, Oaxaca"},"content":{"rendered":"\n<p>Redacci\u00f3n\/Zona Roja. <\/p>\n\n\n\n<p>Oaxaca de Ju\u00e1rez, Oax., 17 de julio de 2021.- Un turista espa\u00f1ol que surfeaba Zicatela, Puerto Escondido, Oaxaca, perdi\u00f3 la vida hoy al ser azotado por uva ola alta. <\/p>\n\n\n\n<p>El hombre tom\u00f3 una ola con su tabla de surf pero fue golpeado con fuerza y cayo al agua, por lo que comenz\u00f3 a ahogarse.<\/p>\n\n\n\n<p>Salvavidas y param\u00e9dicos de diversas corporaciones, entre ellas del Cuerpo de Bomberos, arribaron al lugar para brindarle los primeros auxilios; sin embargo, no fue posible reanimarlo. <\/p>\n\n\n\n<p>La v\u00edctima fue identificada como \u00d3scar Serra Nuque, originario de Valencia, Espa\u00f1a.<\/p>\n\n\n\n<p>Elementos de la Agencia Estatal de Investigaciones (AEI) arribaron al lugar para iniciar las diligencias correspondientes. <\/p>\n","protected":false},"excerpt":{"rendered":"<p>Redacci\u00f3n\/Zona Roja. Oaxaca de Ju\u00e1rez, Oax., 17 de julio de 2021.- Un turista espa\u00f1ol que&hellip;<\/p>\n","protected":false},"author":2,"featured_media":29854,"comment_status":"closed","ping_status":"open","sticky":false,"template":"","format":"standard","meta":{"_lmt_disableupdate":"","_lmt_disable":"","_jetpack_memberships_contains_paid_content":false,"footnotes":""},"categories":[109,51],"tags":[1754],"class_list":["post-29855","post","type-post","status-publish","format-standard","has-post-thumbnail","hentry","category-minuto-a-minuto","category-zona-roja","tag-zicatela-puerto-escondido"],"jetpack_featured_media_url":"https:\/\/zonaroja.com.mx\/wp-content\/uploads\/2021\/07\/img_6996.jpg","jetpack_sharing_enabled":true,"_links":{"self":[{"href":"https:\/\/zonaroja.com.mx\/index.php?rest_route=\/wp\/v2\/posts\/29855","targetHints":{"allow":["GET"]}}],"collection":[{"href":"https:\/\/zonaroja.com.mx\/index.php?rest_route=\/wp\/v2\/posts"}],"about":[{"href":"https:\/\/zonaroja.com.mx\/index.php?rest_route=\/wp\/v2\/types\/post"}],"author":[{"embeddable":true,"href":"https:\/\/zonaroja.com.mx\/index.php?rest_route=\/wp\/v2\/users\/2"}],"replies":[{"embeddable":true,"href":"https:\/\/zonaroja.com.mx\/index.php?rest_route=%2Fwp%2Fv2%2Fcomments&post=29855"}],"version-history":[{"count":1,"href":"https:\/\/zonaroja.com.mx\/index.php?rest_route=\/wp\/v2\/posts\/29855\/revisions"}],"predecessor-version":[{"id":29856,"href":"https:\/\/zonaroja.com.mx\/index.php?rest_route=\/wp\/v2\/posts\/29855\/revisions\/29856"}],"wp:featuredmedia":[{"embeddable":true,"href":"https:\/\/zonaroja.com.mx\/index.php?rest_route=\/wp\/v2\/media\/29854"}],"wp:attachment":[{"href":"https:\/\/zonaroja.com.mx\/index.php?rest_route=%2Fwp%2Fv2%2Fmedia&parent=29855"}],"wp:term":[{"taxonomy":"category","embeddable":true,"href":"https:\/\/zonaroja.com.mx\/index.php?rest_route=%2Fwp%2Fv2%2Fcategories&post=29855"},{"taxonomy":"post_tag","embeddable":true,"href":"https:\/\/zonaroja.com.mx\/index.php?rest_route=%2Fwp%2Fv2%2Ftags&post=29855"}],"curies":[{"name":"wp","href":"https:\/\/api.w.org\/{rel}","templated":true}]}}