{"id":29857,"date":"2021-07-17T13:22:01","date_gmt":"2021-07-17T18:22:01","guid":{"rendered":"https:\/\/www.zonaroja.com.mx\/?p=29857"},"modified":"2021-07-17T13:22:04","modified_gmt":"2021-07-17T18:22:04","slug":"resurge-violencia-en-zona-triqui-reportan-ataque-armado-en-cieneguilla-copala","status":"publish","type":"post","link":"https:\/\/zonaroja.com.mx\/?p=29857","title":{"rendered":"Resurge violencia en zona triqui; reportan ataque armado en Cieneguilla Copala"},"content":{"rendered":"\n<p class=\"MsoNormal\">Evlin Arag\u00f3n\/Zona Roja.<\/p>\n\n\n\n<p class=\"MsoNormal\">Oaxaca de Ju\u00e1rez, Oax., 17 de julio de 2021.- La violencia en la zona triqui se ha vuelto a hacer presente, esta vez en la comunidad de Cieneguilla Copala, cuyos habitantes fueron atacados a balazos la noche de&nbsp;este viernes&nbsp;por habitantes de la comunidad de Santa Cruz Tilapa.&nbsp;<\/p>\n\n\n\n<p class=\"MsoNormal\">As\u00ed lo dieron a conocer integrantes del Movimiento de Unificaci\u00f3n y Lucha Triqui (MULT), quienes indicaron que son intereses&nbsp;ajenos en la zona los que no permiten la estabilidad en las comunidades, a la par que aseguraron Santa Cruz Tilapa obedece \u00f3rdenes del caciquismo regional.&nbsp;&nbsp;<\/p>\n\n\n\n<p class=\"MsoNormal\">\u201cHoy 16 de julio los enemigos de la paz siguen demostrando su violencia de sangre y de ambici\u00f3n que siembra el terror y quiere seguir sembrando la desgracia en los hogares de nuestros pueblos\u201d, manifestaron en un breve comunicado dirigido a las autoridades estatales y federales.&nbsp;&nbsp;<\/p>\n\n\n\n<p class=\"MsoNormal\">En este mismo sentido explicaron que, aunque en reiteradas ocasiones han apostado por la paz siguen siendo v\u00edctimas de los grupos armados en la zona que siguen quebrando el tejido social en el pueblo triqui, ello en perjuicio de la poblaci\u00f3n.&nbsp;&nbsp;<\/p>\n\n\n\n<p class=\"MsoNormal\">Por lo anterior pidieron un alto a las provocaciones contra las comunidades del MULT y castigo a los autores materiales e intelectuales del reciente ataque a la comunidad de Cieneguilla.&nbsp;<\/p>\n\n\n\n<p class=\"MsoNormal\">ZONA DE CR\u00cdMENES&nbsp;<\/p>\n\n\n\n<p class=\"MsoNormal\">Apenas el 28 de junio se report\u00f3 el asesinato de dos personas, integrantes de la Secci\u00f3n 22 de la Coordinadora Nacional de Trabajadores de la Educaci\u00f3n (CNTE) y militantes&nbsp;MULT, en un ataque armado registrado en la&nbsp;localidad de La Lagunilla, Estancia del Rosario.&nbsp;<\/p>\n\n\n\n<p class=\"MsoNormal\">D\u00edas antes, el 23 de junio,&nbsp;fue asesinado con arma de fuego un habitante de Rastrojo Copala, en&nbsp;pleno centro de Santiago Juxtlahuaca, que, de acuerdo con los medios de informaci\u00f3n locales, militaba en dicha organizaci\u00f3n.&nbsp;&nbsp;<\/p>\n\n\n\n<p class=\"MsoNormal\">Mientras que, los ataques armados en la zona tienen como antecedente el que se registr\u00f3 en&nbsp;Tierra&nbsp;Blanca, Copala, desde finales del 2020, mismo que deriv\u00f3 en el desplazamiento forzado de 500 personas, aproximadamente,&nbsp;quienes se vieron en la necesidad de dejar sus viviendas para salvaguardar sus vidas. &nbsp;&nbsp;&nbsp;&nbsp;<\/p>\n\n\n\n<p class=\"MsoNormal\">&nbsp;NUEVA MOVILIZACI\u00d3N&nbsp;<\/p>\n\n\n\n<p class=\"MsoNormal\">Al respecto nuevamente, el Movimiento de Unificaci\u00f3n y Lucha Triqui Independiente (MULTI) convoc\u00f3 a una marcha-mitin, por la pacificaci\u00f3n del pueblo, la liberaci\u00f3n de sus presos pol\u00edticos y el retorno seguro, con justicia y seguridad a sus comunidades de origen, de la cuales fueron desplazados.&nbsp;&nbsp;<\/p>\n\n\n\n<p class=\"MsoNormal\">La actividad se llevar\u00e1 a cabo&nbsp;el lunes 19 de julio&nbsp;en punto&nbsp;de las once de la ma\u00f1ana&nbsp;y ser\u00e1 de manera simult\u00e1nea en las capitales de Oaxaca y Ciudad de M\u00e9xico; Hermosillo, Sonora; San Quint\u00edn, Baja California; Seattle, en el consulado mexicano.&nbsp;&nbsp;<\/p>\n\n\n\n<p class=\"MsoNormal\"> <\/p>\n","protected":false},"excerpt":{"rendered":"<p>Evlin Arag\u00f3n\/Zona Roja. Oaxaca de Ju\u00e1rez, Oax., 17 de julio de 2021.- La violencia en&hellip;<\/p>\n","protected":false},"author":2,"featured_media":29765,"comment_status":"closed","ping_status":"open","sticky":false,"template":"","format":"standard","meta":{"_lmt_disableupdate":"","_lmt_disable":"","_jetpack_memberships_contains_paid_content":false,"footnotes":""},"categories":[109,47],"tags":[732],"class_list":["post-29857","post","type-post","status-publish","format-standard","has-post-thumbnail","hentry","category-minuto-a-minuto","category-zona-gris","tag-movimiento-de-unificacion-y-lucha-triqui"],"jetpack_featured_media_url":"https:\/\/zonaroja.com.mx\/wp-content\/uploads\/2021\/07\/Movimiento-de-Unificacion-y-Lucha-Triqui-MULT.jpg","jetpack_sharing_enabled":true,"_links":{"self":[{"href":"https:\/\/zonaroja.com.mx\/index.php?rest_route=\/wp\/v2\/posts\/29857","targetHints":{"allow":["GET"]}}],"collection":[{"href":"https:\/\/zonaroja.com.mx\/index.php?rest_route=\/wp\/v2\/posts"}],"about":[{"href":"https:\/\/zonaroja.com.mx\/index.php?rest_route=\/wp\/v2\/types\/post"}],"author":[{"embeddable":true,"href":"https:\/\/zonaroja.com.mx\/index.php?rest_route=\/wp\/v2\/users\/2"}],"replies":[{"embeddable":true,"href":"https:\/\/zonaroja.com.mx\/index.php?rest_route=%2Fwp%2Fv2%2Fcomments&post=29857"}],"version-history":[{"count":1,"href":"https:\/\/zonaroja.com.mx\/index.php?rest_route=\/wp\/v2\/posts\/29857\/revisions"}],"predecessor-version":[{"id":29858,"href":"https:\/\/zonaroja.com.mx\/index.php?rest_route=\/wp\/v2\/posts\/29857\/revisions\/29858"}],"wp:featuredmedia":[{"embeddable":true,"href":"https:\/\/zonaroja.com.mx\/index.php?rest_route=\/wp\/v2\/media\/29765"}],"wp:attachment":[{"href":"https:\/\/zonaroja.com.mx\/index.php?rest_route=%2Fwp%2Fv2%2Fmedia&parent=29857"}],"wp:term":[{"taxonomy":"category","embeddable":true,"href":"https:\/\/zonaroja.com.mx\/index.php?rest_route=%2Fwp%2Fv2%2Fcategories&post=29857"},{"taxonomy":"post_tag","embeddable":true,"href":"https:\/\/zonaroja.com.mx\/index.php?rest_route=%2Fwp%2Fv2%2Ftags&post=29857"}],"curies":[{"name":"wp","href":"https:\/\/api.w.org\/{rel}","templated":true}]}}