{"id":29866,"date":"2021-07-17T19:35:05","date_gmt":"2021-07-18T00:35:05","guid":{"rendered":"http:\/\/www.zonaroja.com.mx\/?p=29866"},"modified":"2021-07-17T19:35:18","modified_gmt":"2021-07-18T00:35:18","slug":"hallan-sin-vida-a-dos-jovenes-desaparecidos-hace-una-semana-en-el-istmo","status":"publish","type":"post","link":"https:\/\/zonaroja.com.mx\/?p=29866","title":{"rendered":"Hallan sin vida a dos j\u00f3venes desaparecidos hace una semana en el Istmo"},"content":{"rendered":"\n<p>Ismael Garc\u00eda M.\/Zona Roja.<\/p>\n\n\n\n<p>Oaxaca de Ju\u00e1rez, Oax., 17 de julio de 2021.- Juan Jos\u00e9 y Eleazar desaparecieron con su camioneta un 6 de julio en San Juan Guchicovi, municipio de la regi\u00f3n del Istmo de Tehuantepec, y no se volvi\u00f3 a saber m\u00e1s de ellos.<\/p>\n\n\n\n<p>Familiares y toda la poblaci\u00f3n los buscaron afanosamente, sin resultado alguno, mientras que la Unidad de Personas Desaparecidas y No Localizadas, de la Fiscal\u00eda General del Estado de Oaxaca, emiti\u00f3 las fichas correspondientes.<\/p>\n\n\n\n<p>Este s\u00e1bado, dos cuerpos con caracter\u00edsticas descritas en las fichas de b\u00fasqueda, as\u00ed como la unidad de motor que usaban, fueron hallados en un rancho del mismo municipio.<\/p>\n\n\n\n<p>Juan Jos\u00e9 Trevi\u00f1o ten\u00eda 29 a\u00f1os de edad y Eleazar Jos\u00e9 Juan, 35 a\u00f1os; se les vio por \u00faltima vez en el paraje \u201cCabeza de Pi\u00f1a\u201d, entre las localidades de Boca del Monte y Zacatera, de Guichicovi.<\/p>\n\n\n\n<p>Este s\u00e1bado, de acuerdo con reportes policiacos, en un rancho en el paraje Corral Viejo de dicho municipio, rumbo a Boca del Monte, fueron localizadas dos fosas clandestinas con cuerpos y cuatro veh\u00edculos, uno de ellos con las caracter\u00edsticas que usaban los j\u00f3venes.<\/p>\n\n\n\n<p>Se trata de una propiedad en aparente abandono y con una vivienda en obra negra, en que se localizaron una camioneta marca Toyota, tipo Tacoma, color rojo con placas de circulaci\u00f3n MMX-6262 del Estado de M\u00e9xico, en la cual viajaban dos masculinos reportados como desaparecidos desde el 6 de julio pasado.<\/p>\n\n\n\n<p>Adem\u00e1s, una camioneta marca Chevrolet tipo Cheyenne, color blanco, con placas de circulaci\u00f3n SN-28505 del estado de&nbsp; Puebla; un veh\u00edculo de la marca Volkswagen tipo Jetta, color gris, con placas de circulaci\u00f3n XYD038A del Estado de Veracruz, y una motocicleta, mismas que fueron aseguradas.<\/p>\n\n\n\n<p>Hasta ahora la Fiscal\u00eda General del Estado de Oaxaca guarda hermetismo respecto al caso y no ha dado a conocer cu\u00e1ntos cuerpos se hallaron en dichas fosas clandestinas.<\/p>\n","protected":false},"excerpt":{"rendered":"<p>Ismael Garc\u00eda M.\/Zona Roja. Oaxaca de Ju\u00e1rez, Oax., 17 de julio de 2021.- Juan Jos\u00e9&hellip;<\/p>\n","protected":false},"author":2,"featured_media":29867,"comment_status":"closed","ping_status":"open","sticky":false,"template":"","format":"standard","meta":{"_lmt_disableupdate":"","_lmt_disable":"","_jetpack_memberships_contains_paid_content":false,"footnotes":""},"categories":[109,51],"tags":[699],"class_list":["post-29866","post","type-post","status-publish","format-standard","has-post-thumbnail","hentry","category-minuto-a-minuto","category-zona-roja","tag-san-juan-guichicovi"],"jetpack_featured_media_url":"https:\/\/zonaroja.com.mx\/wp-content\/uploads\/2021\/07\/Desaparecidos-San-Juan-Guichicovi.jpg","jetpack_sharing_enabled":true,"_links":{"self":[{"href":"https:\/\/zonaroja.com.mx\/index.php?rest_route=\/wp\/v2\/posts\/29866","targetHints":{"allow":["GET"]}}],"collection":[{"href":"https:\/\/zonaroja.com.mx\/index.php?rest_route=\/wp\/v2\/posts"}],"about":[{"href":"https:\/\/zonaroja.com.mx\/index.php?rest_route=\/wp\/v2\/types\/post"}],"author":[{"embeddable":true,"href":"https:\/\/zonaroja.com.mx\/index.php?rest_route=\/wp\/v2\/users\/2"}],"replies":[{"embeddable":true,"href":"https:\/\/zonaroja.com.mx\/index.php?rest_route=%2Fwp%2Fv2%2Fcomments&post=29866"}],"version-history":[{"count":1,"href":"https:\/\/zonaroja.com.mx\/index.php?rest_route=\/wp\/v2\/posts\/29866\/revisions"}],"predecessor-version":[{"id":29868,"href":"https:\/\/zonaroja.com.mx\/index.php?rest_route=\/wp\/v2\/posts\/29866\/revisions\/29868"}],"wp:featuredmedia":[{"embeddable":true,"href":"https:\/\/zonaroja.com.mx\/index.php?rest_route=\/wp\/v2\/media\/29867"}],"wp:attachment":[{"href":"https:\/\/zonaroja.com.mx\/index.php?rest_route=%2Fwp%2Fv2%2Fmedia&parent=29866"}],"wp:term":[{"taxonomy":"category","embeddable":true,"href":"https:\/\/zonaroja.com.mx\/index.php?rest_route=%2Fwp%2Fv2%2Fcategories&post=29866"},{"taxonomy":"post_tag","embeddable":true,"href":"https:\/\/zonaroja.com.mx\/index.php?rest_route=%2Fwp%2Fv2%2Ftags&post=29866"}],"curies":[{"name":"wp","href":"https:\/\/api.w.org\/{rel}","templated":true}]}}