{"id":29869,"date":"2021-07-18T08:00:27","date_gmt":"2021-07-18T13:00:27","guid":{"rendered":"http:\/\/www.zonaroja.com.mx\/?p=29869"},"modified":"2021-07-17T20:02:41","modified_gmt":"2021-07-18T01:02:41","slug":"presentan-libro-los-adioses-y-otros-cuentos-de-concepcion-nunez","status":"publish","type":"post","link":"https:\/\/zonaroja.com.mx\/?p=29869","title":{"rendered":"Presentan libro \u201cLos adioses y otros cuentos\u201d, de Concepci\u00f3n N\u00fa\u00f1ez"},"content":{"rendered":"\n<p>Evlin Arag\u00f3n\/Zona Roja.<\/p>\n\n\n\n<p>Oaxaca de Ju\u00e1rez, Oax., 18 de julio de 2021.- \u201cLos adioses es un libro que abraza cinco grandes cuentos: La biblioteca secreta, La misteriosa desaparici\u00f3n de Api, Los adioses, El \u00e1rbol de los deseos, y la Iguana Emerenciana\u201d.&nbsp;<\/p>\n\n\n\n<p>As\u00ed fue descrito por Ruth Orozco el libro \u201cLos adioses y otros cuentos\u201d, de la oaxaque\u00f1a Concepci\u00f3n Silvia N\u00fa\u00f1ez Miranda, que se present\u00f3 este viernes en \u201cLa J\u00edcara\u201d Librespacio Cultural.&nbsp;<\/p>\n\n\n\n<p>En este sentido, explic\u00f3 que la curiosidad, como puerta de acceso al conocimiento; el cuidado al medio ambiente, la memoria, los recuerdos, la ausencia y las despedidas, son los temas que se abordan en los cuentos que conforman el libro.&nbsp;&nbsp;<\/p>\n\n\n\n<p>La reconocida poeta Araceli Mancilla, quien tambi\u00e9n coment\u00f3 el texto, habl\u00f3 del destacado trabajo como investigadora de Concepci\u00f3n N\u00fa\u00f1ez, previo a su incursi\u00f3n en la escritura de cuentos, mismos que celebr\u00f3, ya que son escritos desde la mirada de una abuela que habla abiertamente de sus experiencias.&nbsp;<\/p>\n\n\n\n<p>\u201cLa autora explora sus recuerdos y nos trasporta a otras \u00e9pocas, no s\u00f3lo a la que ella relata, sino a nuestras propias experiencias, cuando \u00edbamos a la primaria por ejemplo y otros episodios de la ni\u00f1ez\u201d, dijo la poeta.<\/p>\n\n\n\n<p>Para Araceli Mancilla, lograr escribir con un lenguaje sencillo las historias, como lo hace \u201cConchita\u201d N\u00fa\u00f1ez, es todo un logro, ya que s\u00f3lo as\u00ed se logra llegar a niveles de entendimiento muy profundos de la vida.&nbsp;<\/p>\n\n\n\n<p>La ilustradora del libro, Abigail Mat\u00edas, indic\u00f3 que el texto permite al lector adulto recordar su infancia, adem\u00e1s que fomenta la imaginaci\u00f3n en las ni\u00f1as y ni\u00f1os al momento de escuchar o leer las historias.&nbsp;<\/p>\n\n\n\n<p>Mientras que la autora, soci\u00f3loga de profesi\u00f3n y experta en investigaciones acad\u00e9micas, dijo que result\u00f3 todo un reto poder escribir para la comunidad infantil, sin embargo, su nieto Mat\u00edas ha sido la gran inspiraci\u00f3n y motivaci\u00f3n para elaborar textos que conectan con las ni\u00f1as y ni\u00f1os.&nbsp;&nbsp;<\/p>\n\n\n\n<p>\u201cSiempre me ha gustado escribir, pero jam\u00e1s se me hab\u00eda ocurrido que pod\u00eda hacer algo para las ni\u00f1as y los ni\u00f1os. Aqu\u00ed el principal inspirador es mi nieto, gracias a su presencia y gracia a \u00e9l que yo comenc\u00e9 a idear la escritura de algunas historias que podr\u00edan servir para el desarrollo de su imaginaci\u00f3n\u201d, dijo.<\/p>\n\n\n\n<p>Finalmente, para \u00darsula Hern\u00e1ndez, representante de \u201cPez en el \u00e1rbol\u201d, este libro es significativo porque inaugura una nueva l\u00ednea editorial dedicada a la ni\u00f1ez, pero tambi\u00e9n es significativo porque est\u00e1 construido desde el cari\u00f1o y el deseo de compartirlo.&nbsp;<\/p>\n","protected":false},"excerpt":{"rendered":"<p>Evlin Arag\u00f3n\/Zona Roja. Oaxaca de Ju\u00e1rez, Oax., 18 de julio de 2021.- \u201cLos adioses es&hellip;<\/p>\n","protected":false},"author":2,"featured_media":29870,"comment_status":"closed","ping_status":"open","sticky":false,"template":"","format":"standard","meta":{"_lmt_disableupdate":"","_lmt_disable":"","_jetpack_memberships_contains_paid_content":false,"footnotes":""},"categories":[109,46],"tags":[2804],"class_list":["post-29869","post","type-post","status-publish","format-standard","has-post-thumbnail","hentry","category-minuto-a-minuto","category-zona-blanca","tag-concepcion-silvia-nunez-miranda"],"jetpack_featured_media_url":"https:\/\/zonaroja.com.mx\/wp-content\/uploads\/2021\/07\/Libro-Concepcion-Nunez-Miranda-1.jpg","jetpack_sharing_enabled":true,"_links":{"self":[{"href":"https:\/\/zonaroja.com.mx\/index.php?rest_route=\/wp\/v2\/posts\/29869","targetHints":{"allow":["GET"]}}],"collection":[{"href":"https:\/\/zonaroja.com.mx\/index.php?rest_route=\/wp\/v2\/posts"}],"about":[{"href":"https:\/\/zonaroja.com.mx\/index.php?rest_route=\/wp\/v2\/types\/post"}],"author":[{"embeddable":true,"href":"https:\/\/zonaroja.com.mx\/index.php?rest_route=\/wp\/v2\/users\/2"}],"replies":[{"embeddable":true,"href":"https:\/\/zonaroja.com.mx\/index.php?rest_route=%2Fwp%2Fv2%2Fcomments&post=29869"}],"version-history":[{"count":1,"href":"https:\/\/zonaroja.com.mx\/index.php?rest_route=\/wp\/v2\/posts\/29869\/revisions"}],"predecessor-version":[{"id":29871,"href":"https:\/\/zonaroja.com.mx\/index.php?rest_route=\/wp\/v2\/posts\/29869\/revisions\/29871"}],"wp:featuredmedia":[{"embeddable":true,"href":"https:\/\/zonaroja.com.mx\/index.php?rest_route=\/wp\/v2\/media\/29870"}],"wp:attachment":[{"href":"https:\/\/zonaroja.com.mx\/index.php?rest_route=%2Fwp%2Fv2%2Fmedia&parent=29869"}],"wp:term":[{"taxonomy":"category","embeddable":true,"href":"https:\/\/zonaroja.com.mx\/index.php?rest_route=%2Fwp%2Fv2%2Fcategories&post=29869"},{"taxonomy":"post_tag","embeddable":true,"href":"https:\/\/zonaroja.com.mx\/index.php?rest_route=%2Fwp%2Fv2%2Ftags&post=29869"}],"curies":[{"name":"wp","href":"https:\/\/api.w.org\/{rel}","templated":true}]}}