{"id":29872,"date":"2021-07-18T08:01:24","date_gmt":"2021-07-18T13:01:24","guid":{"rendered":"http:\/\/www.zonaroja.com.mx\/?p=29872"},"modified":"2021-07-17T20:41:30","modified_gmt":"2021-07-18T01:41:30","slug":"mujeres-con-hijos-reportadas-como-desaparecidas-en-los-ultimos-dias","status":"publish","type":"post","link":"https:\/\/zonaroja.com.mx\/?p=29872","title":{"rendered":"Mujeres con hijos, reportadas como desaparecidas en los \u00faltimos d\u00edas"},"content":{"rendered":"\n<p>Evlin Arag\u00f3n\/Zona Roja.<\/p>\n\n\n\n<p>Oaxaca de Ju\u00e1rez, Oax., 18 de julio de 2021.- Diana Laura, de tan s\u00f3lo 18 a\u00f1os de edad, y su peque\u00f1o hijo Dylan Francisco, han sido reportados como desaparecidos ante la Unidad de B\u00fasqueda de Personas Desaparecidas y No Localizadas, desde el pasado 12 de julio, cuando fueron vistos en inmediaciones del municipio de Tlacolula de Matamoros.&nbsp;<\/p>\n\n\n\n<p>El d\u00eda en que desapareci\u00f3, Diana iba vestida con un pantal\u00f3n de mezclilla, una blusa sencilla y unos tenis de color guinda; nada espectacular, m\u00e1s bien c\u00f3moda, al igual que Dylan, que portaba los mismos colores de ropa que su madre.&nbsp;<\/p>\n\n\n\n<p>La joven madre ha sido descrita en la ficha de b\u00fasqueda del organismo dependiente de la Fiscal\u00eda General del Estado, como delgada y de estatura baja, mide 1.45 metros, adem\u00e1s que tienen una cicatriz caracter\u00edstica en el brazo derecho, mientras que el peque\u00f1o tiene una en la espalda.&nbsp;&nbsp;<\/p>\n\n\n\n<p>No se trata de la \u00fanica madre en calidad de desaparecida en Oaxaca, toda vez que Lidia Arcos Alvarado, de 38 a\u00f1os de edad, fue vista por \u00faltima vez el pasado 9 de julio en San Juan Bautista Guelague.&nbsp;<\/p>\n\n\n\n<p>La mujer iba acompa\u00f1ada de Marisol y Ana Lidia, de 7 y 12 a\u00f1os de edad, respectivamente, y que por los apellidos de ambas, se refiere que se trata de su hermana e hija.&nbsp;&nbsp;<\/p>\n\n\n\n<p>As\u00ed mismo, el 1 de julio fue reportada como desaparecida Erika Nathali Soto L\u00f3pez, de 34 a\u00f1os de edad, quien fue vista por \u00faltima vez en San Jacinto Amilpas en compa\u00f1\u00eda de su hijo Erick Javier.&nbsp;<\/p>\n\n\n\n<p>De forma particular, a trav\u00e9s de las redes sociales, vecinas de la mujer han dado a conocer que no existe tal desaparici\u00f3n y que Erika se encuentra bien, sin embargo, la DNOL mantiene la ficha de b\u00fasqueda activa.&nbsp;<\/p>\n\n\n\n<p>Mientras que, de las adolescentes desaparecidas, sigue activa la b\u00fasqueda de Sonia Gabriela, de 15 a\u00f1os de edad, quien fue vista por \u00faltima vez el pasado 10 de julio en la Villa de Zaachila.&nbsp;<\/p>\n\n\n\n<p>As\u00ed mismo la de Am\u00e9rica, de 14 a\u00f1os, reportada como no localizada desde el 4 de julio en el municipio de San Juan Bautista Tuxtepec; Flor Lizeth, de 17 a\u00f1os, y Yaquelin, de 13, desaparecidas el tres de julio en Santiago Pinotepa Nacional y San Bartolom\u00e9 Ayautla, respectivamente.&nbsp;<\/p>\n\n\n\n<p>Finalmente, la ficha de Fandy Saday, de 15 a\u00f1os, permanece activa luego de ser reportada como desaparecida el 2 de julio, en el municipio de Santa Cruz Xoxocotl\u00e1n.&nbsp;<\/p>\n","protected":false},"excerpt":{"rendered":"<p>Evlin Arag\u00f3n\/Zona Roja. Oaxaca de Ju\u00e1rez, Oax., 18 de julio de 2021.- Diana Laura, de&hellip;<\/p>\n","protected":false},"author":2,"featured_media":29873,"comment_status":"closed","ping_status":"open","sticky":false,"template":"","format":"standard","meta":{"_lmt_disableupdate":"","_lmt_disable":"","_jetpack_memberships_contains_paid_content":false,"footnotes":""},"categories":[109,47],"tags":[455],"class_list":["post-29872","post","type-post","status-publish","format-standard","has-post-thumbnail","hentry","category-minuto-a-minuto","category-zona-gris","tag-mujeres-desaparecidas-oaxaca"],"jetpack_featured_media_url":"https:\/\/zonaroja.com.mx\/wp-content\/uploads\/2021\/07\/Madres-desaparecidas.jpg","jetpack_sharing_enabled":true,"_links":{"self":[{"href":"https:\/\/zonaroja.com.mx\/index.php?rest_route=\/wp\/v2\/posts\/29872","targetHints":{"allow":["GET"]}}],"collection":[{"href":"https:\/\/zonaroja.com.mx\/index.php?rest_route=\/wp\/v2\/posts"}],"about":[{"href":"https:\/\/zonaroja.com.mx\/index.php?rest_route=\/wp\/v2\/types\/post"}],"author":[{"embeddable":true,"href":"https:\/\/zonaroja.com.mx\/index.php?rest_route=\/wp\/v2\/users\/2"}],"replies":[{"embeddable":true,"href":"https:\/\/zonaroja.com.mx\/index.php?rest_route=%2Fwp%2Fv2%2Fcomments&post=29872"}],"version-history":[{"count":1,"href":"https:\/\/zonaroja.com.mx\/index.php?rest_route=\/wp\/v2\/posts\/29872\/revisions"}],"predecessor-version":[{"id":29874,"href":"https:\/\/zonaroja.com.mx\/index.php?rest_route=\/wp\/v2\/posts\/29872\/revisions\/29874"}],"wp:featuredmedia":[{"embeddable":true,"href":"https:\/\/zonaroja.com.mx\/index.php?rest_route=\/wp\/v2\/media\/29873"}],"wp:attachment":[{"href":"https:\/\/zonaroja.com.mx\/index.php?rest_route=%2Fwp%2Fv2%2Fmedia&parent=29872"}],"wp:term":[{"taxonomy":"category","embeddable":true,"href":"https:\/\/zonaroja.com.mx\/index.php?rest_route=%2Fwp%2Fv2%2Fcategories&post=29872"},{"taxonomy":"post_tag","embeddable":true,"href":"https:\/\/zonaroja.com.mx\/index.php?rest_route=%2Fwp%2Fv2%2Ftags&post=29872"}],"curies":[{"name":"wp","href":"https:\/\/api.w.org\/{rel}","templated":true}]}}