{"id":29875,"date":"2021-07-17T20:48:15","date_gmt":"2021-07-18T01:48:15","guid":{"rendered":"http:\/\/www.zonaroja.com.mx\/?p=29875"},"modified":"2021-07-17T21:01:11","modified_gmt":"2021-07-18T02:01:11","slug":"sigue-al-alza-covid-6-muertes-y-234-positivos-murat-pide-semaforo-amarillo","status":"publish","type":"post","link":"https:\/\/zonaroja.com.mx\/?p=29875","title":{"rendered":"Sigue al alza Covid: 6 muertes y 234 positivos; Murat pide sem\u00e1foro amarillo"},"content":{"rendered":"\n<p>Redacci\u00f3n\/Zona Roja.<\/p>\n\n\n\n<p>Oaxaca de Ju\u00e1rez, Oax., 17 de julio de 2021.- El Covid-19 contin\u00faa al alza en Oaxaca y este s\u00e1bado los Servicios de Salud reportaron 234 casos positivos, para un acumulado de 51 mil 183 casos confirmados.<\/p>\n\n\n\n<p>Tambi\u00e9n, seis fallecimientos, con lo que suman a la fecha 4 mil 30 decesos. Adem\u00e1s, hay un promedio de 44.9 por ciento de ocupaci\u00f3n hospitalaria y el Hospital Regional de Alta Especialidad de Oaxaca reporta cupo lleno de pacientes con el virus.<\/p>\n\n\n\n<p>En tanto, esta tarde y a trav\u00e9s de un video, el gobernador Alejandro Murat Hinojosa inform\u00f3 su determinaci\u00f3n de solicitar al Consejo de Salubridad federal que Oaxaca regrese al sem\u00e1foro epidemiol\u00f3gico amarillo.<\/p>\n\n\n\n<figure class=\"wp-block-embed-twitter wp-block-embed is-type-rich is-provider-twitter\"><div class=\"wp-block-embed__wrapper\">\n<div class=\"twitter-tweet\"><blockquote class=\"twitter-tweet\" data-lang=\"es\"><p lang=\"es\" dir=\"ltr\"><a href=\"https:\/\/twitter.com\/hashtag\/%C3%9AltimoMinuto?src=hash&amp;ref_src=twsrc%5Etfw\">#\u00daltimoMinuto<\/a> <br>\u201cNo bajemos la guardia, la pandemia sigue vigente\u201d, afirma en video el gobernador <a href=\"https:\/\/twitter.com\/alejandromurat?ref_src=twsrc%5Etfw\">@AlejandroMurat<\/a>, al solicitar al Consejo de Salubridad federal que <a href=\"https:\/\/twitter.com\/hashtag\/Oaxaca?src=hash&amp;ref_src=twsrc%5Etfw\">#Oaxaca<\/a> retorne al sem\u00e1foro epidemiol\u00f3gico amarillo, debido al incremento de casos positivos de Covid-19. <a href=\"https:\/\/t.co\/kQoNiz3ghM\">pic.twitter.com\/kQoNiz3ghM<\/a><\/p>&mdash; Zona Roja Oaxaca (@Zona_Roja_Oax) <a href=\"https:\/\/twitter.com\/Zona_Roja_Oax\/status\/1416487454702391296?ref_src=twsrc%5Etfw\">17 de julio de 2021<\/a><\/blockquote><\/div>\n<\/div><\/figure>\n\n\n\n<p>\u201cEsto es con el \u00fanico objetivo de salvar la vida de las y los oaxaque\u00f1os, de proteger a nuestras familias. Por eso te pido a ti que hoy me escuchas, no bajemos la guardia, la pandemia sigue vigente, especialmente a los j\u00f3venes\u201d, expuso.<\/p>\n\n\n\n<p>\u201cDebemos seguir utilizando cubrebocas en la v\u00eda p\u00fablica, aplicando el distanciamiento social y si es posible, quedarse en casa. Esto claro de que si te cuidas t\u00fa, nos cuidamos todos\u201d, manifest\u00f3 el mandatario.<\/p>\n\n\n\n<p>No obstante, a la fecha la Secretar\u00eda de Salud federal no ha dado a conocer el nuevo sem\u00e1foro epidemiol\u00f3gico que prevalecer\u00e1 por los pr\u00f3ximos 15 d\u00edas en M\u00e9xico; com\u00fanmente daba a conocer esta informaci\u00f3n los viernes por la noche.<\/p>\n\n\n\n<figure class=\"wp-block-embed-twitter wp-block-embed is-type-rich is-provider-twitter\"><div class=\"wp-block-embed__wrapper\">\n<div class=\"twitter-tweet\"><blockquote class=\"twitter-tweet\" data-lang=\"es\"><p lang=\"es\" dir=\"ltr\"><a href=\"https:\/\/twitter.com\/hashtag\/%C3%9AltimoMinuto?src=hash&amp;ref_src=twsrc%5Etfw\">#\u00daltimoMinuto<\/a><br>En <a href=\"https:\/\/twitter.com\/hashtag\/Oaxaca?src=hash&amp;ref_src=twsrc%5Etfw\">#Oaxaca<\/a>, el Covid tambi\u00e9n sigue intenso: este s\u00e1bado los Servicios de Salud reportan 234 casos positivos, para un acumulado de 51 mil 183 casos confirmados.<br>Tambi\u00e9n, 6 fallecimientos, con lo que suman a la fecha 4 mil 30 decesos.<a href=\"https:\/\/twitter.com\/hashtag\/Qu%C3%A9dateEnCasa?src=hash&amp;ref_src=twsrc%5Etfw\">#Qu\u00e9dateEnCasa<\/a> <a href=\"https:\/\/t.co\/PmNo16qF4d\">pic.twitter.com\/PmNo16qF4d<\/a><\/p>&mdash; Zona Roja Oaxaca (@Zona_Roja_Oax) <a href=\"https:\/\/twitter.com\/Zona_Roja_Oax\/status\/1416566539826905091?ref_src=twsrc%5Etfw\">18 de julio de 2021<\/a><\/blockquote><\/div>\n<\/div><\/figure>\n","protected":false},"excerpt":{"rendered":"<p>Redacci\u00f3n\/Zona Roja. Oaxaca de Ju\u00e1rez, Oax., 17 de julio de 2021.- El Covid-19 contin\u00faa al&hellip;<\/p>\n","protected":false},"author":2,"featured_media":29877,"comment_status":"closed","ping_status":"open","sticky":false,"template":"","format":"standard","meta":{"_lmt_disableupdate":"","_lmt_disable":"","_jetpack_memberships_contains_paid_content":false,"footnotes":""},"categories":[109,47],"tags":[1512],"class_list":["post-29875","post","type-post","status-publish","format-standard","has-post-thumbnail","hentry","category-minuto-a-minuto","category-zona-gris","tag-coronavirus-oaxaca"],"jetpack_featured_media_url":"https:\/\/zonaroja.com.mx\/wp-content\/uploads\/2021\/07\/Covid-17-de-julio.jpg","jetpack_sharing_enabled":true,"_links":{"self":[{"href":"https:\/\/zonaroja.com.mx\/index.php?rest_route=\/wp\/v2\/posts\/29875","targetHints":{"allow":["GET"]}}],"collection":[{"href":"https:\/\/zonaroja.com.mx\/index.php?rest_route=\/wp\/v2\/posts"}],"about":[{"href":"https:\/\/zonaroja.com.mx\/index.php?rest_route=\/wp\/v2\/types\/post"}],"author":[{"embeddable":true,"href":"https:\/\/zonaroja.com.mx\/index.php?rest_route=\/wp\/v2\/users\/2"}],"replies":[{"embeddable":true,"href":"https:\/\/zonaroja.com.mx\/index.php?rest_route=%2Fwp%2Fv2%2Fcomments&post=29875"}],"version-history":[{"count":1,"href":"https:\/\/zonaroja.com.mx\/index.php?rest_route=\/wp\/v2\/posts\/29875\/revisions"}],"predecessor-version":[{"id":29876,"href":"https:\/\/zonaroja.com.mx\/index.php?rest_route=\/wp\/v2\/posts\/29875\/revisions\/29876"}],"wp:featuredmedia":[{"embeddable":true,"href":"https:\/\/zonaroja.com.mx\/index.php?rest_route=\/wp\/v2\/media\/29877"}],"wp:attachment":[{"href":"https:\/\/zonaroja.com.mx\/index.php?rest_route=%2Fwp%2Fv2%2Fmedia&parent=29875"}],"wp:term":[{"taxonomy":"category","embeddable":true,"href":"https:\/\/zonaroja.com.mx\/index.php?rest_route=%2Fwp%2Fv2%2Fcategories&post=29875"},{"taxonomy":"post_tag","embeddable":true,"href":"https:\/\/zonaroja.com.mx\/index.php?rest_route=%2Fwp%2Fv2%2Ftags&post=29875"}],"curies":[{"name":"wp","href":"https:\/\/api.w.org\/{rel}","templated":true}]}}