{"id":2988,"date":"2019-08-11T07:50:29","date_gmt":"2019-08-11T12:50:29","guid":{"rendered":"http:\/\/www.zonaroja.com.mx\/?p=2988"},"modified":"2019-08-11T07:50:32","modified_gmt":"2019-08-11T12:50:32","slug":"matan-a-primer-elemento-de-guardia-nacional-en-enfrentamiento","status":"publish","type":"post","link":"https:\/\/zonaroja.com.mx\/?p=2988","title":{"rendered":"Matan a primer elemento de Guardia Nacional en enfrentamiento"},"content":{"rendered":"\n<p>Redacci\u00f3n\/Zona\nRoja Cdmx.<\/p>\n\n\n\n<p>Ciudad de\nM\u00e9xico, 11 de agosto de 2019.- A poco m\u00e1s de un mes de iniciar funciones, la\nGuardia Nacional de M\u00e9xico ya tiene su primera baja por enfrentamiento.<\/p>\n\n\n\n<p>Ayer por la\ntarde en la comunidad de Loma Zempoala del municipio de Yuriria, del estado de\nGuanajuato, se suscit\u00f3 una confrontaci\u00f3n entre fuerzas federales y un grupo\narmado, en que cayeron abatidos cinco presuntos delincuentes y un elemento de\nseguridad nacional.<\/p>\n\n\n\n<p>El ataque\ncontra las fuerzas estatales y federales se suscit\u00f3 alrededor de las 17:00\nhoras, cuando realizaban un operativo en esa comunidad, por lo que pidieron\napoyo.<\/p>\n\n\n\n<p>Al lugar\nllegaron refuerzos de las polic\u00edas municipal y militar, y entre las tres\ncorporaciones combatieron a los criminales que resguardaban una casa de\nseguridad. <\/p>\n\n\n\n<p>Tras la\nrefriega capturaron a siete personas, que fueron puestas a disposici\u00f3n del\nMinisterio P\u00fablico acusadas de homicidio y tentativa de homicidio en agravio de\nlos elementos de seguridad.<\/p>\n\n\n\n<p>Hasta el\nmomento la identidad del integrante de la Guardia Nacional ultimado no ha sido\nrevelada.<\/p>\n\n\n\n<p>De acuerdo\ncon fuentes de seguridad p\u00fablica estatal, en Guanajuato opera el c\u00e1rtel de\nSanta Rosa de Lima, liderado por Jos\u00e9 Antonio Y\u00e9pez Ortiz, alias \u201cEl Marro\u201d,\norganizaci\u00f3n criminal que mantiene una disputa con el c\u00e1rtel Jalisco Nueva\nGeneraci\u00f3n, encabezado por Nemesio Oseguera alias \u201cEl Mencho\u201d.<\/p>\n\n\n\n<p>La Guardia\nNacional entr\u00f3 en funciones el 30 de junio de este a\u00f1o, cuyo banderazo de\narranque lo dio el Presidente de M\u00e9xico, Andr\u00e9s Manuel L\u00f3pez Obrador, en el Campo\nMarte.<\/p>\n","protected":false},"excerpt":{"rendered":"<p>Redacci\u00f3n\/Zona Roja Cdmx. Ciudad de M\u00e9xico, 11 de agosto de 2019.- A poco m\u00e1s de&hellip;<\/p>\n","protected":false},"author":2,"featured_media":2989,"comment_status":"closed","ping_status":"open","sticky":false,"template":"","format":"standard","meta":{"_lmt_disableupdate":"","_lmt_disable":"","_jetpack_memberships_contains_paid_content":false,"footnotes":""},"categories":[109,51],"tags":[530],"class_list":["post-2988","post","type-post","status-publish","format-standard","has-post-thumbnail","hentry","category-minuto-a-minuto","category-zona-roja","tag-matan-a-gurdia-nacional-en-guanajuato"],"jetpack_featured_media_url":"https:\/\/zonaroja.com.mx\/wp-content\/uploads\/2019\/08\/Guardia-Nacional.jpg","jetpack_sharing_enabled":true,"_links":{"self":[{"href":"https:\/\/zonaroja.com.mx\/index.php?rest_route=\/wp\/v2\/posts\/2988","targetHints":{"allow":["GET"]}}],"collection":[{"href":"https:\/\/zonaroja.com.mx\/index.php?rest_route=\/wp\/v2\/posts"}],"about":[{"href":"https:\/\/zonaroja.com.mx\/index.php?rest_route=\/wp\/v2\/types\/post"}],"author":[{"embeddable":true,"href":"https:\/\/zonaroja.com.mx\/index.php?rest_route=\/wp\/v2\/users\/2"}],"replies":[{"embeddable":true,"href":"https:\/\/zonaroja.com.mx\/index.php?rest_route=%2Fwp%2Fv2%2Fcomments&post=2988"}],"version-history":[{"count":1,"href":"https:\/\/zonaroja.com.mx\/index.php?rest_route=\/wp\/v2\/posts\/2988\/revisions"}],"predecessor-version":[{"id":2990,"href":"https:\/\/zonaroja.com.mx\/index.php?rest_route=\/wp\/v2\/posts\/2988\/revisions\/2990"}],"wp:featuredmedia":[{"embeddable":true,"href":"https:\/\/zonaroja.com.mx\/index.php?rest_route=\/wp\/v2\/media\/2989"}],"wp:attachment":[{"href":"https:\/\/zonaroja.com.mx\/index.php?rest_route=%2Fwp%2Fv2%2Fmedia&parent=2988"}],"wp:term":[{"taxonomy":"category","embeddable":true,"href":"https:\/\/zonaroja.com.mx\/index.php?rest_route=%2Fwp%2Fv2%2Fcategories&post=2988"},{"taxonomy":"post_tag","embeddable":true,"href":"https:\/\/zonaroja.com.mx\/index.php?rest_route=%2Fwp%2Fv2%2Ftags&post=2988"}],"curies":[{"name":"wp","href":"https:\/\/api.w.org\/{rel}","templated":true}]}}