{"id":29888,"date":"2021-07-18T16:00:11","date_gmt":"2021-07-18T21:00:11","guid":{"rendered":"http:\/\/www.zonaroja.com.mx\/?p=29888"},"modified":"2021-07-18T16:00:15","modified_gmt":"2021-07-18T21:00:15","slug":"raul-castro-y-presidente-cubano-acusan-a-eu-de-injerencia","status":"publish","type":"post","link":"https:\/\/zonaroja.com.mx\/?p=29888","title":{"rendered":"Ra\u00fal Castro y presidente cubano acusan a EU de injerencia"},"content":{"rendered":"\n<p>Redacci\u00f3n\/Zona Roja Cdmx.<\/p>\n\n\n\n<p>Ciudad de M\u00e9xico, 18 de julio de 2021.- El presidente de Cuba, Miguel D\u00edaz-Canel, y el ex presidente Ra\u00fal Castro &#8211;hermano de Fidel Castro&#8211;, defendieron la revoluci\u00f3n cubana y acusaron a los Estados Unidos de Norteam\u00e9rica de encabezar la desestabilizaci\u00f3n.<\/p>\n\n\n\n<p>Ambos l\u00edderes participaron ayer en La Habana en una marcha con miles de personas, tras m\u00faltiples protestas y manifestaciones durante la semana pasada, en diversas ciudades.<\/p>\n\n\n\n<p>\u201cLos hemos convocado para denunciar una vez m\u00e1s el bloqueo, la agresi\u00f3n y el terror. El enemigo (Estados Unidos) ha vuelto a lanzarse con todo para destruir la sagrada unidad y la tranquilidad ciudadana, expres\u00f3 ayer D\u00edaz-Canel.<\/p>\n\n\n\n<p>\u201c\u00a1Abajo los yanquis!\u201d, \u201c\u00a1Nacimos para vencer y no para ser vencidos! \u201cy \u201cNo al bloqueo de Estados Unidos\u201d, gritaba la multitud, al tiempo que brind\u00f3 su respaldo al mandatario: \u201cPa\u2019 lo que sea Canel, pa\u2019 lo que sea\u201d.<\/p>\n\n\n\n<p>Unas 100 mil personas acudieron al acto, seg\u00fan los organizadores, mientras las autoridades aseguraron que actos similares tuvieron lugar simult\u00e1neamente en todas las provincias.<\/p>\n\n\n\n<p>El presidente cubano insisti\u00f3 en que las marchas antigubernamentales fueron artificialmente fogueadas mediante una campa\u00f1a de grupos anticastristas desde Florida, Estados Unidos, con el aval del gobierno, y que no representan los intereses del pueblo.<\/p>\n\n\n\n<p>Aunque menos numerosas que las convocadas por el gobierno, las protestas del domingo y el lunes pasado congregaron a s\u00f3lo a unos miles. Comenzaron pac\u00edficas, pero derivaron en actos de violencia, vandalismo y saqueos, lo que dej\u00f3 un muerto, varios heridos y da\u00f1os materiales.<\/p>\n\n\n\n<p>La movilizaci\u00f3n sucede en el peor momento de la pandemia para Cuba: acumula 275 mil 608 casos y mil 843 muertos; en la jornada registr\u00f3 m\u00e1s de 6 mil contagios y 52 fallecidos.<\/p>\n\n\n\n<p>(Informaci\u00f3n de agencias internacionales y \u201cLa Jornada\u201d)<\/p>\n","protected":false},"excerpt":{"rendered":"<p>Redacci\u00f3n\/Zona Roja Cdmx. Ciudad de M\u00e9xico, 18 de julio de 2021.- El presidente de Cuba,&hellip;<\/p>\n","protected":false},"author":2,"featured_media":29889,"comment_status":"closed","ping_status":"open","sticky":false,"template":"","format":"standard","meta":{"_lmt_disableupdate":"","_lmt_disable":"","_jetpack_memberships_contains_paid_content":false,"footnotes":""},"categories":[109,47],"tags":[2805],"class_list":["post-29888","post","type-post","status-publish","format-standard","has-post-thumbnail","hentry","category-minuto-a-minuto","category-zona-gris","tag-marcha-cuba-raul-castro"],"jetpack_featured_media_url":"https:\/\/zonaroja.com.mx\/wp-content\/uploads\/2021\/07\/Marcha-Raul-Castro-Cuba.jpg","jetpack_sharing_enabled":true,"_links":{"self":[{"href":"https:\/\/zonaroja.com.mx\/index.php?rest_route=\/wp\/v2\/posts\/29888","targetHints":{"allow":["GET"]}}],"collection":[{"href":"https:\/\/zonaroja.com.mx\/index.php?rest_route=\/wp\/v2\/posts"}],"about":[{"href":"https:\/\/zonaroja.com.mx\/index.php?rest_route=\/wp\/v2\/types\/post"}],"author":[{"embeddable":true,"href":"https:\/\/zonaroja.com.mx\/index.php?rest_route=\/wp\/v2\/users\/2"}],"replies":[{"embeddable":true,"href":"https:\/\/zonaroja.com.mx\/index.php?rest_route=%2Fwp%2Fv2%2Fcomments&post=29888"}],"version-history":[{"count":1,"href":"https:\/\/zonaroja.com.mx\/index.php?rest_route=\/wp\/v2\/posts\/29888\/revisions"}],"predecessor-version":[{"id":29890,"href":"https:\/\/zonaroja.com.mx\/index.php?rest_route=\/wp\/v2\/posts\/29888\/revisions\/29890"}],"wp:featuredmedia":[{"embeddable":true,"href":"https:\/\/zonaroja.com.mx\/index.php?rest_route=\/wp\/v2\/media\/29889"}],"wp:attachment":[{"href":"https:\/\/zonaroja.com.mx\/index.php?rest_route=%2Fwp%2Fv2%2Fmedia&parent=29888"}],"wp:term":[{"taxonomy":"category","embeddable":true,"href":"https:\/\/zonaroja.com.mx\/index.php?rest_route=%2Fwp%2Fv2%2Fcategories&post=29888"},{"taxonomy":"post_tag","embeddable":true,"href":"https:\/\/zonaroja.com.mx\/index.php?rest_route=%2Fwp%2Fv2%2Ftags&post=29888"}],"curies":[{"name":"wp","href":"https:\/\/api.w.org\/{rel}","templated":true}]}}