{"id":29891,"date":"2021-07-18T16:08:57","date_gmt":"2021-07-18T21:08:57","guid":{"rendered":"http:\/\/www.zonaroja.com.mx\/?p=29891"},"modified":"2021-07-18T16:09:00","modified_gmt":"2021-07-18T21:09:00","slug":"invita-ieepo-a-estudiantes-a-disfrutar-desde-casa-programas-para-receso-escolar","status":"publish","type":"post","link":"https:\/\/zonaroja.com.mx\/?p=29891","title":{"rendered":"Invita IEEPO a estudiantes a disfrutar desde casa programas para receso escolar"},"content":{"rendered":"\n<p>Redacci\u00f3n\/Zona Roja.<\/p>\n\n\n\n<p>Oaxaca de Ju\u00e1rez, Oax., 18 de julio de 2021.- Con el inicio del receso escolar en educaci\u00f3n b\u00e1sica, a trav\u00e9s de la televisi\u00f3n y medios tecnol\u00f3gicos se transmite el programa especial de reforzamiento \u201cVerano Extraordinario 2021\u201d, dirigido a las y los alumnos de preescolar, primaria y secundaria y que el Instituto Estatal de Educaci\u00f3n P\u00fablica de Oaxaca (IEEPO), les invita a disfrutar desde sus hogares.<\/p>\n\n\n\n<p>Producidos por la Secretar\u00eda de Educaci\u00f3n P\u00fablica (SEP), los contenidos pedag\u00f3gicos, l\u00fadicos, formativos y divertidos son una selecci\u00f3n de programas principalmente de la lengua materna, espa\u00f1ol y matem\u00e1ticas en educaci\u00f3n Primaria; en tanto que para Secundaria, adem\u00e1s de esas dos asignaturas se incorporaron contenidos de Ciencias, Tecnolog\u00eda, Historia, Formaci\u00f3n C\u00edvica y \u00c9tica y Geograf\u00eda.<\/p>\n\n\n\n<p>De esta manera, adem\u00e1s de un sano entretenimiento, las y los alumnos pueden reforzar sus conocimientos, con el apoyo de los libros de texto gratuitos, herramienta fundamental en la ense\u00f1anza-aprendizaje.<\/p>\n\n\n\n<p>La programaci\u00f3n especial con aprendizajes esperados de \u201cVerano Extraordinario 2021\u201d se puede consultar por Facebook en Televisi\u00f3n Educativa Mx, as\u00ed como el canal Ingenio TV en el 14.2 de televisi\u00f3n abierta y en los canales de cable que transmiten el programa \u201cAprende en Casa!, en un horario de 10:00 a 16:00 horas.<\/p>\n\n\n\n<p>Adem\u00e1s de esta forma de entretenimiento, las ni\u00f1as, ni\u00f1os, adolescentes y j\u00f3venes, junto con sus padres y madres de familia pueden disfrutar de la serie radiof\u00f3nica infantil \u201cAprendiendo desde mi comunidad\u201d, que difunde en espa\u00f1ol y en las diferentes lenguas originarias cuentos, historias, leyendas, m\u00fasica y tradiciones de las regiones.<\/p>\n\n\n\n<p>Se transmite por Oaxaque\u00f1a radio 92.9 FM, los lunes, mi\u00e9rcoles y viernes a las 7:30 horas y con repetici\u00f3n los martes y jueves a las 16:30 horas y s\u00e1bado a las 15:00 horas. Tambi\u00e9n a trav\u00e9s de Global 96.9 FM los s\u00e1bados y domingos a las 8:30 horas.<\/p>\n","protected":false},"excerpt":{"rendered":"<p>Redacci\u00f3n\/Zona Roja. Oaxaca de Ju\u00e1rez, Oax., 18 de julio de 2021.- Con el inicio del&hellip;<\/p>\n","protected":false},"author":2,"featured_media":10542,"comment_status":"closed","ping_status":"open","sticky":false,"template":"","format":"standard","meta":{"_lmt_disableupdate":"","_lmt_disable":"","_jetpack_memberships_contains_paid_content":false,"footnotes":""},"categories":[109,46],"tags":[599],"class_list":["post-29891","post","type-post","status-publish","format-standard","has-post-thumbnail","hentry","category-minuto-a-minuto","category-zona-blanca","tag-instituto-estatal-de-educacion-publica-de-oaxaca"],"jetpack_featured_media_url":"https:\/\/zonaroja.com.mx\/wp-content\/uploads\/2020\/03\/Clases-televisi\u00f3n.jpeg","jetpack_sharing_enabled":true,"_links":{"self":[{"href":"https:\/\/zonaroja.com.mx\/index.php?rest_route=\/wp\/v2\/posts\/29891","targetHints":{"allow":["GET"]}}],"collection":[{"href":"https:\/\/zonaroja.com.mx\/index.php?rest_route=\/wp\/v2\/posts"}],"about":[{"href":"https:\/\/zonaroja.com.mx\/index.php?rest_route=\/wp\/v2\/types\/post"}],"author":[{"embeddable":true,"href":"https:\/\/zonaroja.com.mx\/index.php?rest_route=\/wp\/v2\/users\/2"}],"replies":[{"embeddable":true,"href":"https:\/\/zonaroja.com.mx\/index.php?rest_route=%2Fwp%2Fv2%2Fcomments&post=29891"}],"version-history":[{"count":1,"href":"https:\/\/zonaroja.com.mx\/index.php?rest_route=\/wp\/v2\/posts\/29891\/revisions"}],"predecessor-version":[{"id":29892,"href":"https:\/\/zonaroja.com.mx\/index.php?rest_route=\/wp\/v2\/posts\/29891\/revisions\/29892"}],"wp:featuredmedia":[{"embeddable":true,"href":"https:\/\/zonaroja.com.mx\/index.php?rest_route=\/wp\/v2\/media\/10542"}],"wp:attachment":[{"href":"https:\/\/zonaroja.com.mx\/index.php?rest_route=%2Fwp%2Fv2%2Fmedia&parent=29891"}],"wp:term":[{"taxonomy":"category","embeddable":true,"href":"https:\/\/zonaroja.com.mx\/index.php?rest_route=%2Fwp%2Fv2%2Fcategories&post=29891"},{"taxonomy":"post_tag","embeddable":true,"href":"https:\/\/zonaroja.com.mx\/index.php?rest_route=%2Fwp%2Fv2%2Ftags&post=29891"}],"curies":[{"name":"wp","href":"https:\/\/api.w.org\/{rel}","templated":true}]}}