{"id":29893,"date":"2021-07-18T19:34:08","date_gmt":"2021-07-19T00:34:08","guid":{"rendered":"http:\/\/www.zonaroja.com.mx\/?p=29893"},"modified":"2021-07-18T19:34:14","modified_gmt":"2021-07-19T00:34:14","slug":"tren-del-istmo-absorbera-el-10-de-la-carga-de-panama","status":"publish","type":"post","link":"https:\/\/zonaroja.com.mx\/?p=29893","title":{"rendered":"Tren del Istmo absorber\u00e1 el 10% de la carga de Panam\u00e1"},"content":{"rendered":"\n<p>Redacci\u00f3n\/Zona Roja Cdmx.<\/p>\n\n\n\n<p>Ciudad de M\u00e9xico, 18 de julio de 2021.- El Corredor Interoce\u00e1nico del Istmo de Tehuantepec (CIIT) podr\u00eda atraer un tr\u00e1fico de un mill\u00f3n de contenedores al a\u00f1o hacia 2029, lo que representar\u00eda 10 por ciento de la carga que se estima se mueva entre Asia y la costa Este de Estados Unidos a trav\u00e9s del Canal de Panam\u00e1.<\/p>\n\n\n\n<p>De acuerdo con el Programa Institucional 2021-2024 del Ferrocarril del Istmo de Tehuantepec (FIT), esta meta podr\u00eda lograrse e incluso duplicarse de forma gradual a partir de este a\u00f1o.<\/p>\n\n\n\n<p>\u201cConsiderando las ventajas en t\u00e9rminos de costos y tiempos de traslados que podr\u00eda representar el CIIT respecto al Canal de Panam\u00e1 ante una operaci\u00f3n eficiente del FIT y los puertos de Salina Cruz y Coatzacoalcos, se consider\u00f3 conservadoramente viable que a partir de 2021 este corredor pudiera atraer de manera gradual entre 10 y 20 por ciento del tr\u00e1fico de contenedores que se pronostica por la v\u00eda mar\u00edtima entre Asia y la costa Este de Estados Unidos\u201d, se\u00f1ala el documento.<\/p>\n\n\n\n<p>El programa, publicado en la Comisi\u00f3n Nacional de Mejora Regulatoria, se\u00f1ala que el flujo de contenedores en la ruta paname\u00f1a pasar\u00e1 de 6.2 millones registrados en 2018 a 10.1 millones en 2029.<\/p>\n\n\n\n<p>De acuerdo con la administraci\u00f3n del CIIT, la conexi\u00f3n que se desarrolla entre el Oc\u00e9ano Pac\u00edfico y el Golfo de M\u00e9xico a trav\u00e9s de Oaxaca y Veracruz ser\u00e1 m\u00e1s competitiva debido a que las rutas mar\u00edtimas de Asia a Estados Unidos se reducir\u00e1n ocho mil kil\u00f3metros y significar\u00e1n un ahorro para las navieras en combustible.<\/p>\n\n\n\n<p>Para alcanzar este nivel de competitividad, el Programa Institucional del FTI establece estrategias prioritarias como la correcci\u00f3n de curvas y pendientes en la ruta actual, as\u00ed como la modernizaci\u00f3n de la v\u00eda f\u00e9rrea.<\/p>\n\n\n\n<p>En ese sentido, los objetivos del programa son la promoci\u00f3n del mejoramiento y modernizaci\u00f3n de la infraestructura ferroviaria, y la promoci\u00f3n del mantenimiento constante de la misma.<\/p>\n\n\n\n<p>El documento advierte que durante a\u00f1os se descuid\u00f3 la infraestructura ferroviaria en el sureste, al grado de destinar materiales de segunda calidad a la conservaci\u00f3n de la v\u00eda.<\/p>\n\n\n\n<p>\u201cLa regi\u00f3n sureste, concretamente las rutas de Mayab y la de Chiapas han permanecido relegadas y han recibido mayormente material de segunda (\u2026) Las aplicaciones anteriores de material de segunda clase en sus necesarias rehabilitaciones han ya sobrepasado su vida \u00fatil en todos los tramos\u201d, indica el programa.<\/p>\n\n\n\n<p>Adem\u00e1s, el FIT subraya que el tramo ferroviario no cuenta con una conexi\u00f3n con el puerto de Salina Cruz, en Oaxaca, que junto con la terminal mar\u00edtima de Coatzacoalcos, en Veracruz, ser\u00e1n los puntos de donde partir\u00e1 todo el proyecto del Corredor Interoce\u00e1nico.<\/p>\n\n\n\n<p>De acuerdo con el gobierno federal, entre las obras de infraestructura que destacan en el CIIT est\u00e1 la modernizaci\u00f3n del ferrocarril del Istmo de Tehuantepec y de los puertos de Coatzacoalcos y Salina Cruz, el fortalecimiento de la infraestructura carretera y de caminos rurales, as\u00ed como la construcci\u00f3n de un gasoducto para abastecer a empresas y a consumidores dom\u00e9sticos.<\/p>\n\n\n\n<p>El proyecto tambi\u00e9n incluye la instalaci\u00f3n de una l\u00ednea de fibra \u00f3ptica para fortalecer la conectividad digital de la regi\u00f3n en beneficio de las empresas y las comunidades aleda\u00f1as.<\/p>\n\n\n\n<p>(Informaci\u00f3n de la Organizaci\u00f3n Editorial Mexicana \u2013OEM-)<\/p>\n","protected":false},"excerpt":{"rendered":"<p>Redacci\u00f3n\/Zona Roja Cdmx. Ciudad de M\u00e9xico, 18 de julio de 2021.- El Corredor Interoce\u00e1nico del&hellip;<\/p>\n","protected":false},"author":2,"featured_media":29894,"comment_status":"closed","ping_status":"open","sticky":false,"template":"","format":"standard","meta":{"_lmt_disableupdate":"","_lmt_disable":"","_jetpack_memberships_contains_paid_content":false,"footnotes":""},"categories":[109,46],"tags":[1068],"class_list":["post-29893","post","type-post","status-publish","format-standard","has-post-thumbnail","hentry","category-minuto-a-minuto","category-zona-blanca","tag-corredor-transistmico"],"jetpack_featured_media_url":"https:\/\/zonaroja.com.mx\/wp-content\/uploads\/2021\/07\/Corredor-tren-Transistmico.jpg","jetpack_sharing_enabled":true,"_links":{"self":[{"href":"https:\/\/zonaroja.com.mx\/index.php?rest_route=\/wp\/v2\/posts\/29893","targetHints":{"allow":["GET"]}}],"collection":[{"href":"https:\/\/zonaroja.com.mx\/index.php?rest_route=\/wp\/v2\/posts"}],"about":[{"href":"https:\/\/zonaroja.com.mx\/index.php?rest_route=\/wp\/v2\/types\/post"}],"author":[{"embeddable":true,"href":"https:\/\/zonaroja.com.mx\/index.php?rest_route=\/wp\/v2\/users\/2"}],"replies":[{"embeddable":true,"href":"https:\/\/zonaroja.com.mx\/index.php?rest_route=%2Fwp%2Fv2%2Fcomments&post=29893"}],"version-history":[{"count":1,"href":"https:\/\/zonaroja.com.mx\/index.php?rest_route=\/wp\/v2\/posts\/29893\/revisions"}],"predecessor-version":[{"id":29895,"href":"https:\/\/zonaroja.com.mx\/index.php?rest_route=\/wp\/v2\/posts\/29893\/revisions\/29895"}],"wp:featuredmedia":[{"embeddable":true,"href":"https:\/\/zonaroja.com.mx\/index.php?rest_route=\/wp\/v2\/media\/29894"}],"wp:attachment":[{"href":"https:\/\/zonaroja.com.mx\/index.php?rest_route=%2Fwp%2Fv2%2Fmedia&parent=29893"}],"wp:term":[{"taxonomy":"category","embeddable":true,"href":"https:\/\/zonaroja.com.mx\/index.php?rest_route=%2Fwp%2Fv2%2Fcategories&post=29893"},{"taxonomy":"post_tag","embeddable":true,"href":"https:\/\/zonaroja.com.mx\/index.php?rest_route=%2Fwp%2Fv2%2Ftags&post=29893"}],"curies":[{"name":"wp","href":"https:\/\/api.w.org\/{rel}","templated":true}]}}