{"id":29898,"date":"2021-07-18T21:00:54","date_gmt":"2021-07-19T02:00:54","guid":{"rendered":"http:\/\/www.zonaroja.com.mx\/?p=29898"},"modified":"2021-07-18T21:17:05","modified_gmt":"2021-07-19T02:17:05","slug":"doblegan-ambulantes-garcia-jarquin-y-llenan-mas-calles-mercaderes-protestan","status":"publish","type":"post","link":"https:\/\/zonaroja.com.mx\/?p=29898","title":{"rendered":"Doblegan ambulantes Garc\u00eda Jarqu\u00edn y llenan m\u00e1s calles; mercaderes protestan"},"content":{"rendered":"\n<p>Ismael Garc\u00eda M.\/Zona Roja.<\/p>\n\n\n\n<p>Oaxaca de Ju\u00e1rez, Oax., 18 de julio de 2021.- Los comerciantes ambulantes no s\u00f3lo doblegaron al edil de Oaxaca de Ju\u00e1rez, Oswaldo Garc\u00eda Jarqu\u00edn, al instalarse en m\u00e1s calles del Centro Hist\u00f3rico, luego que desde el pasado jueves, polic\u00edas les impiden el acceso al z\u00f3calo, Alameda y Andador Tur\u00edstico.<\/p>\n\n\n\n<p>Tambi\u00e9n, la tarde de este domingo, retaron a la autoridad municipal, al comenzar ocupar lugares en el andador semipeatonal de la calle Garc\u00eda Vigil, ante la nula vigilancia en ese espacio, donde se pretenden quedar de manera indefinida.<\/p>\n\n\n\n<p>Desde el viernes, tras un zafarrancho y reclamos, los informales, priistas y de la organizaci\u00f3n Frente Popular \u201c14 de Junio\u201d, intentaron ingresar a sus antiguos espacios.<\/p>\n\n\n\n<p>Pero polic\u00edas municipales se mantienen en al menos 18 bocacalles del Centro Hist\u00f3rico, para impedirles el acceso.<\/p>\n\n\n\n<p>Ante ello, ese d\u00eda por la tarde y durante el s\u00e1bado, comenzaron a ocupar la primera y segunda calle de Las Casas, as\u00ed como la segunda calle de Flores Mag\u00f3n, al utilizar el arroyo vehicular, donde tambi\u00e9n insisten en que se quedar\u00e1n.<\/p>\n\n\n\n<figure class=\"wp-block-embed-twitter wp-block-embed is-type-rich is-provider-twitter\"><div class=\"wp-block-embed__wrapper\">\n<div class=\"twitter-tweet\"><blockquote class=\"twitter-tweet\" data-lang=\"es\"><p lang=\"es\" dir=\"ltr\"><a href=\"https:\/\/twitter.com\/hashtag\/%C3%9AltimoMinuto?src=hash&amp;ref_src=twsrc%5Etfw\">#\u00daltimoMinuto<\/a> <br>Y 5. En franco reto a la autoridad municipal de Oaxaca de Ju\u00e1rez (<a href=\"https:\/\/twitter.com\/MunicipioOaxaca?ref_src=twsrc%5Etfw\">@MunicipioOaxaca<\/a>), los vendedores ambulantes se instalaron esta tarde en el andador semipeatonal de la calle de Garc\u00eda Vigil, Centro Hist\u00f3rico, ante la ausencia de polic\u00edas municipales. <a href=\"https:\/\/t.co\/ivN16Jl66z\">pic.twitter.com\/ivN16Jl66z<\/a><\/p>&mdash; Zona Roja Oaxaca (@Zona_Roja_Oax) <a href=\"https:\/\/twitter.com\/Zona_Roja_Oax\/status\/1416935393283518465?ref_src=twsrc%5Etfw\">19 de julio de 2021<\/a><\/blockquote><\/div>\n<\/div><\/figure>\n\n\n\n<p>PROTESTA COMERCIO FORMAL<\/p>\n\n\n\n<p>Ma\u00f1ana lunes, comerciantes del mercado \u201cBenito Ju\u00e1rez\u201d de la ciudad de Oaxaca prev\u00e9n realizar una protesta, debido a la invasi\u00f3n de calles aleda\u00f1as a dicho espacio comercial, ubicado entre las calles Las Casas, Flores Mag\u00f3n, Aldama y 20 de Noviembre.<\/p>\n\n\n\n<p>Mientras tanto, este d\u00eda emitieron un comunicado, en que manifiestan su \u201ctotal rechazo ante la invasi\u00f3n de que somos objeto, durante mucho tiempo nos hemos conducido con respeto a todas y distintas formas de organizaci\u00f3n aun cuando sistem\u00e1ticamente nos han afectado\u201d.<\/p>\n\n\n\n<p>Los mercaderes pidieron al ayuntamiento capitalino a que atienda de manera inmediata la problem\u00e1tica que afecta a los comerciantes establecidos y ciudadanos en general.<\/p>\n\n\n\n<p>\u201cLa problem\u00e1tica del comercio en v\u00eda p\u00fablica es un fen\u00f3meno que se ha agudizado en los \u00faltimos a\u00f1os, ha crecido exponencialmente afectando la vida cotidiana de los ciudadanos\u201d, manifestaron.<\/p>\n\n\n\n<figure class=\"wp-block-embed-twitter wp-block-embed is-type-rich is-provider-twitter\"><div class=\"wp-block-embed__wrapper\">\n<div class=\"twitter-tweet\"><blockquote class=\"twitter-tweet\" data-lang=\"es\"><p lang=\"es\" dir=\"ltr\">4.- En cambio, los vendedores ambulantes, priistas y del Frente Popular \u201c14 de Junio\u201d, al imped\u00edrseles el paso, llenaron las calles de Col\u00f3n, Las Casas y Flores Mag\u00f3n, centro de <a href=\"https:\/\/twitter.com\/hashtag\/Oaxaca?src=hash&amp;ref_src=twsrc%5Etfw\">#Oaxaca<\/a> capital, de cientos de puestos informales.<a href=\"https:\/\/twitter.com\/MunicipioOaxaca?ref_src=twsrc%5Etfw\">@MunicipioOaxaca<\/a> <a href=\"https:\/\/twitter.com\/oswaldogarciaj?ref_src=twsrc%5Etfw\">@oswaldogarciaj<\/a> <a href=\"https:\/\/t.co\/sv821Wrnv0\">pic.twitter.com\/sv821Wrnv0<\/a><\/p>&mdash; Zona Roja Oaxaca (@Zona_Roja_Oax) <a href=\"https:\/\/twitter.com\/Zona_Roja_Oax\/status\/1416902615712026626?ref_src=twsrc%5Etfw\">18 de julio de 2021<\/a><\/blockquote><\/div>\n<\/div><\/figure>\n","protected":false},"excerpt":{"rendered":"<p>Ismael Garc\u00eda M.\/Zona Roja. Oaxaca de Ju\u00e1rez, Oax., 18 de julio de 2021.- Los comerciantes&hellip;<\/p>\n","protected":false},"author":2,"featured_media":29897,"comment_status":"closed","ping_status":"open","sticky":false,"template":"","format":"standard","meta":{"_lmt_disableupdate":"","_lmt_disable":"","_jetpack_memberships_contains_paid_content":false,"footnotes":""},"categories":[109,47],"tags":[1843],"class_list":["post-29898","post","type-post","status-publish","format-standard","has-post-thumbnail","hentry","category-minuto-a-minuto","category-zona-gris","tag-comerciantes-ambulantes-ciudad-de-oaxaca"],"jetpack_featured_media_url":"https:\/\/zonaroja.com.mx\/wp-content\/uploads\/2021\/07\/Ambulantes-centro-ciudad-de-Oaxaca.jpg","jetpack_sharing_enabled":true,"_links":{"self":[{"href":"https:\/\/zonaroja.com.mx\/index.php?rest_route=\/wp\/v2\/posts\/29898","targetHints":{"allow":["GET"]}}],"collection":[{"href":"https:\/\/zonaroja.com.mx\/index.php?rest_route=\/wp\/v2\/posts"}],"about":[{"href":"https:\/\/zonaroja.com.mx\/index.php?rest_route=\/wp\/v2\/types\/post"}],"author":[{"embeddable":true,"href":"https:\/\/zonaroja.com.mx\/index.php?rest_route=\/wp\/v2\/users\/2"}],"replies":[{"embeddable":true,"href":"https:\/\/zonaroja.com.mx\/index.php?rest_route=%2Fwp%2Fv2%2Fcomments&post=29898"}],"version-history":[{"count":2,"href":"https:\/\/zonaroja.com.mx\/index.php?rest_route=\/wp\/v2\/posts\/29898\/revisions"}],"predecessor-version":[{"id":29900,"href":"https:\/\/zonaroja.com.mx\/index.php?rest_route=\/wp\/v2\/posts\/29898\/revisions\/29900"}],"wp:featuredmedia":[{"embeddable":true,"href":"https:\/\/zonaroja.com.mx\/index.php?rest_route=\/wp\/v2\/media\/29897"}],"wp:attachment":[{"href":"https:\/\/zonaroja.com.mx\/index.php?rest_route=%2Fwp%2Fv2%2Fmedia&parent=29898"}],"wp:term":[{"taxonomy":"category","embeddable":true,"href":"https:\/\/zonaroja.com.mx\/index.php?rest_route=%2Fwp%2Fv2%2Fcategories&post=29898"},{"taxonomy":"post_tag","embeddable":true,"href":"https:\/\/zonaroja.com.mx\/index.php?rest_route=%2Fwp%2Fv2%2Ftags&post=29898"}],"curies":[{"name":"wp","href":"https:\/\/api.w.org\/{rel}","templated":true}]}}