{"id":29901,"date":"2021-07-18T21:47:14","date_gmt":"2021-07-19T02:47:14","guid":{"rendered":"http:\/\/www.zonaroja.com.mx\/?p=29901"},"modified":"2021-07-18T21:47:20","modified_gmt":"2021-07-19T02:47:20","slug":"confirman-los-sso-que-oaxaca-regresa-de-semaforo-verde-a-amarillo","status":"publish","type":"post","link":"https:\/\/zonaroja.com.mx\/?p=29901","title":{"rendered":"Confirman los SSO que Oaxaca regresa de sem\u00e1foro verde a amarillo"},"content":{"rendered":"\n<p>Redacci\u00f3n\/Zona Roja.<\/p>\n\n\n\n<p>Oaxaca de Ju\u00e1rez, Oax., 18 de julio de 2021.- La dependencia Servicios de Salud de Oaxaca inform\u00f3 que, de acuerdo con la medici\u00f3n de los indicadores de riesgo establecidos por el gobierno federal, del 19 de julio hasta el 1 de agosto, la entidad estar\u00e1 en sem\u00e1foro epidemiol\u00f3gico color amarillo.<\/p>\n\n\n\n<p>\u201cEsto significa que el riesgo de contagio por Covid-19 es medio, sin embargo, debemos continuar aplicando las medidas de prevenci\u00f3n, pues solo as\u00ed podremos frenar los contagios, defunciones, casos activos y hospitalizaciones por el virus SARS-CoV-2\u201d, se\u00f1al\u00f3.<\/p>\n\n\n\n<p>En un comunicado de prensa, expuso que cada autoridad municipal, de acuerdo con la informaci\u00f3n epidemiol\u00f3gica local, deber\u00e1 tomar las acciones pertinentes para frenar el incremento de casos por Covid.<\/p>\n\n\n\n<p>Dijo que durante la semana del 11 al 17 de julio, la entidad registr\u00f3 un acumulado de 51 mil 183 casos confirmados, observando un aumento con respecto a la semana anterior, pasando de 852 a mil 414 casos reportados en la semana.<\/p>\n\n\n\n<p>La red hospitalaria para la atenci\u00f3n de pacientes con Covid-19 registr\u00f3 un aumento del 11.4% en el n\u00famero de hospitalizados en comparaci\u00f3n con la semana anterior, por lo que la ocupaci\u00f3n promedio fue de 39.7%.<\/p>\n\n\n\n<figure class=\"wp-block-embed-twitter wp-block-embed is-type-rich is-provider-twitter\"><div class=\"wp-block-embed__wrapper\">\n<div class=\"twitter-tweet\"><blockquote class=\"twitter-tweet\" data-lang=\"es\"><p lang=\"es\" dir=\"ltr\"><a href=\"https:\/\/twitter.com\/hashtag\/%C3%9AltimoMinuto?src=hash&amp;ref_src=twsrc%5Etfw\">#\u00daltimoMinuto<\/a><br>Este domingo, los Servicios de Salud de <a href=\"https:\/\/twitter.com\/hashtag\/Oaxaca?src=hash&amp;ref_src=twsrc%5Etfw\">#Oaxaca<\/a> reportaron 2 decesos por Covid-19, con lo que la cifra acumulada llega a 4 mil 32.<br>Asimismo, 67 casos positivos, para un total de 51 mil 250 casos confirmados.<br>Confirma que la entidad regresa ma\u00f1ana a sem\u00e1foro amarillo <a href=\"https:\/\/t.co\/wFm2zUuQoF\">pic.twitter.com\/wFm2zUuQoF<\/a><\/p>&mdash; Zona Roja Oaxaca (@Zona_Roja_Oax) <a href=\"https:\/\/twitter.com\/Zona_Roja_Oax\/status\/1416944755267735552?ref_src=twsrc%5Etfw\">19 de julio de 2021<\/a><\/blockquote><\/div>\n<\/div><\/figure>\n\n\n\n<p>Esta semana se reportaron 40 decesos a causa de la enfermedad.<\/p>\n\n\n\n<p>Asimismo, destac\u00f3 que, siguiendo la Estrategia de la Pol\u00edtica Nacional de Vacunaci\u00f3n contra el virus SARS-CoV-2 para la prevenci\u00f3n de la Covid-19 en M\u00e9xico, esta semana se recibieron 29 mil dosis de vacunas CanSino, 53 mil 800 de AstraZeneca y 76 mil SinoVac.<\/p>\n\n\n\n<p>Adem\u00e1s, se aplicaron m\u00e1s de 120 mil primeras y segundas dosis de los biol\u00f3gicos AstraZeneca, Pfizer-BioNTech, Sinovac y unidosis Cansino a poblaci\u00f3n de 30 a 39 a\u00f1os, 40 a 49 a\u00f1os y 50 a 59 a\u00f1os en municipios de la Sierra Sur, Istmo de Tehuantepec y Cuenca del Papaloapan.<\/p>\n\n\n\n<p>Son m\u00e1s de 50 mil personas que han enfermado a causa de la Covid-19 en territorio oaxaque\u00f1o, la cifra tambi\u00e9n rebasa los cuatro mil, que han perdido la vida.<\/p>\n","protected":false},"excerpt":{"rendered":"<p>Redacci\u00f3n\/Zona Roja. Oaxaca de Ju\u00e1rez, Oax., 18 de julio de 2021.- La dependencia Servicios de&hellip;<\/p>\n","protected":false},"author":2,"featured_media":29902,"comment_status":"closed","ping_status":"open","sticky":false,"template":"","format":"standard","meta":{"_lmt_disableupdate":"","_lmt_disable":"","_jetpack_memberships_contains_paid_content":false,"footnotes":""},"categories":[109,47],"tags":[1512],"class_list":["post-29901","post","type-post","status-publish","format-standard","has-post-thumbnail","hentry","category-minuto-a-minuto","category-zona-gris","tag-coronavirus-oaxaca"],"jetpack_featured_media_url":"https:\/\/zonaroja.com.mx\/wp-content\/uploads\/2021\/07\/Covid-centro-historico-Oaxaca.jpg","jetpack_sharing_enabled":true,"_links":{"self":[{"href":"https:\/\/zonaroja.com.mx\/index.php?rest_route=\/wp\/v2\/posts\/29901","targetHints":{"allow":["GET"]}}],"collection":[{"href":"https:\/\/zonaroja.com.mx\/index.php?rest_route=\/wp\/v2\/posts"}],"about":[{"href":"https:\/\/zonaroja.com.mx\/index.php?rest_route=\/wp\/v2\/types\/post"}],"author":[{"embeddable":true,"href":"https:\/\/zonaroja.com.mx\/index.php?rest_route=\/wp\/v2\/users\/2"}],"replies":[{"embeddable":true,"href":"https:\/\/zonaroja.com.mx\/index.php?rest_route=%2Fwp%2Fv2%2Fcomments&post=29901"}],"version-history":[{"count":1,"href":"https:\/\/zonaroja.com.mx\/index.php?rest_route=\/wp\/v2\/posts\/29901\/revisions"}],"predecessor-version":[{"id":29903,"href":"https:\/\/zonaroja.com.mx\/index.php?rest_route=\/wp\/v2\/posts\/29901\/revisions\/29903"}],"wp:featuredmedia":[{"embeddable":true,"href":"https:\/\/zonaroja.com.mx\/index.php?rest_route=\/wp\/v2\/media\/29902"}],"wp:attachment":[{"href":"https:\/\/zonaroja.com.mx\/index.php?rest_route=%2Fwp%2Fv2%2Fmedia&parent=29901"}],"wp:term":[{"taxonomy":"category","embeddable":true,"href":"https:\/\/zonaroja.com.mx\/index.php?rest_route=%2Fwp%2Fv2%2Fcategories&post=29901"},{"taxonomy":"post_tag","embeddable":true,"href":"https:\/\/zonaroja.com.mx\/index.php?rest_route=%2Fwp%2Fv2%2Ftags&post=29901"}],"curies":[{"name":"wp","href":"https:\/\/api.w.org\/{rel}","templated":true}]}}