{"id":29908,"date":"2021-07-19T07:17:33","date_gmt":"2021-07-19T12:17:33","guid":{"rendered":"http:\/\/www.zonaroja.com.mx\/?p=29908"},"modified":"2021-07-19T07:17:36","modified_gmt":"2021-07-19T12:17:36","slug":"para-the-economist-consulta-sobre-juicio-es-una-parodia-del-estado-de-derecho","status":"publish","type":"post","link":"https:\/\/zonaroja.com.mx\/?p=29908","title":{"rendered":"Para \u201cThe Economist\u201d, consulta sobre juicio es una parodia del Estado de Derecho"},"content":{"rendered":"\n<p>Redacci\u00f3n\/Zona Roja Cdmx.<\/p>\n\n\n\n<p>Ciudad de M\u00e9xico, 19 de julio de 2021.- La pregunta que ser\u00e1 formulada en la consulta del 1 de agosto sobre si enjuiciar en M\u00e9xico a expresidentes bien \u201cpudo haber sido ideada por Cantinflas, un c\u00f3mico que convirti\u00f3 el gusto mexicano por el circunloquio en una forma de arte absurda\u201d, asegura Michael Reid en su columna \u201cBello\u201d que publica hoy la revista brit\u00e1nica \u201cThe Economist\u201d.<\/p>\n\n\n\n<p>En un principio, la pregunta de la consulta era: \u201c\u00bfEst\u00e1 de acuerdo o no con que las autoridades competentes, con apego a las leyes y procedimientos aplicables investiguen, y en su caso sancionen, la pregunta comisi\u00f3n de delitos por parte de los expresidentes Carlos Salinas de Gortari, Ernesto Zedillo Ponce de Le\u00f3n, Vicente Fox Quesada, Felipe Calder\u00f3n Hinojosa y Enrique Pe\u00f1a Nieto antes, durante y despu\u00e9s de sus respectivas gestiones?\u201d.<\/p>\n\n\n\n<p>Sin embargo, la Suprema Corte la modific\u00f3 y qued\u00f3 as\u00ed: \u201c\u00bfEst\u00e1s de acuerdo en que se lleven a cabo acciones con apego al marco legal para esclarecer las decisiones pol\u00edticas tomadas en el pasado por los actores pol\u00edticos y garantizar la justicia y derechos de las posibles v\u00edctimas?\u201d.<\/p>\n\n\n\n<p>\u201cEsto es lo que el presidente Andr\u00e9s Manuel L\u00f3pez Obrador quiere que los mexicanos decidan en una consulta nacional el 1 de agosto. Decodificada, lo que significa es si debe autoriz\u00e1rsele para orquestar una especie de juicio-espect\u00e1culo no oficial a sus cinco predecesores y subordinados\u201d, afirma Reid en su columna, titulada \u201cEl presidente de M\u00e9xico establece un juicio-espect\u00e1culo a sus predecesores\u201d.<\/p>\n\n\n\n<p>Sin embargo, de acuerdo con el columnista, \u201crecurrir a un voto popular para decidir si enjuiciar o no es una parodia del Estado de derecho\u201d.<\/p>\n\n\n\n<p>Lo que vuelve m\u00e1s \u201csurrealista\u201d el ejercicio, a\u00f1ade Reid, es que \u201cel presidente dice que no votar\u00e1, porque no es &#8216;vengativo&#8217; y no quiere quedarse aferrado al pasado. Sin embargo, si &#8216;la gente&#8217; decide lo contrario, actuar\u00e1 acorde con sus deseos [del pueblo]\u201d. La consulta, indica, \u201cconfirma que, en el combate a la corrupci\u00f3n, AMLO prefiere el teatro, que puede dirigir, sobre la sustancia\u201d.<\/p>\n\n\n\n<p>\u00bfPara qu\u00e9 la consulta? Reid reflexiona que los resultados de las elecciones intermedias del 6 de junio revelaron que, si bien L\u00f3pez Obrador sigue siendo popular, \u201cya no es invencible\u201d. Los mexicanos, acota, est\u00e1n sufriendo por la pandemia, \u201cpor el mal manejo que hizo el gobierno de ella y por la relativa recesi\u00f3n econ\u00f3mica, as\u00ed como por el crimen violento que no para\u201d.<\/p>\n\n\n\n<p>Para \u201cdistraer la atenci\u00f3n de los fracasos pol\u00edticos, su presidente necesita todos los espect\u00e1culos cantinflescos de teatro pol\u00edtico que pueda realizar\u201d.<\/p>\n\n\n\n<p>No es la primera vez que \u201cThe Economist\u201d se lanza contra las pol\u00edticas del presidente mexicano. En mayo, dedic\u00f3 la portada de su edici\u00f3n Latinoam\u00e9rica a AMLO, bajo el t\u00edtulo \u201cEl falso mes\u00edas de M\u00e9xico\u201d. El mandatario acus\u00f3 a la revista de grosera y \u201cmentirosa\u201d.<\/p>\n\n\n\n<p>(Informaci\u00f3n de \u201cEl Universal\u201d)<\/p>\n","protected":false},"excerpt":{"rendered":"<p>Redacci\u00f3n\/Zona Roja Cdmx. Ciudad de M\u00e9xico, 19 de julio de 2021.- La pregunta que ser\u00e1&hellip;<\/p>\n","protected":false},"author":2,"featured_media":29909,"comment_status":"closed","ping_status":"open","sticky":false,"template":"","format":"standard","meta":{"_lmt_disableupdate":"","_lmt_disable":"","_jetpack_memberships_contains_paid_content":false,"footnotes":""},"categories":[109,47],"tags":[2806],"class_list":["post-29908","post","type-post","status-publish","format-standard","has-post-thumbnail","hentry","category-minuto-a-minuto","category-zona-gris","tag-consulta-juicio-ex-presidentes-de-mexico"],"jetpack_featured_media_url":"https:\/\/zonaroja.com.mx\/wp-content\/uploads\/2021\/07\/Juicio-a-ex-presidentes-de-Mexico.png","jetpack_sharing_enabled":true,"_links":{"self":[{"href":"https:\/\/zonaroja.com.mx\/index.php?rest_route=\/wp\/v2\/posts\/29908","targetHints":{"allow":["GET"]}}],"collection":[{"href":"https:\/\/zonaroja.com.mx\/index.php?rest_route=\/wp\/v2\/posts"}],"about":[{"href":"https:\/\/zonaroja.com.mx\/index.php?rest_route=\/wp\/v2\/types\/post"}],"author":[{"embeddable":true,"href":"https:\/\/zonaroja.com.mx\/index.php?rest_route=\/wp\/v2\/users\/2"}],"replies":[{"embeddable":true,"href":"https:\/\/zonaroja.com.mx\/index.php?rest_route=%2Fwp%2Fv2%2Fcomments&post=29908"}],"version-history":[{"count":1,"href":"https:\/\/zonaroja.com.mx\/index.php?rest_route=\/wp\/v2\/posts\/29908\/revisions"}],"predecessor-version":[{"id":29910,"href":"https:\/\/zonaroja.com.mx\/index.php?rest_route=\/wp\/v2\/posts\/29908\/revisions\/29910"}],"wp:featuredmedia":[{"embeddable":true,"href":"https:\/\/zonaroja.com.mx\/index.php?rest_route=\/wp\/v2\/media\/29909"}],"wp:attachment":[{"href":"https:\/\/zonaroja.com.mx\/index.php?rest_route=%2Fwp%2Fv2%2Fmedia&parent=29908"}],"wp:term":[{"taxonomy":"category","embeddable":true,"href":"https:\/\/zonaroja.com.mx\/index.php?rest_route=%2Fwp%2Fv2%2Fcategories&post=29908"},{"taxonomy":"post_tag","embeddable":true,"href":"https:\/\/zonaroja.com.mx\/index.php?rest_route=%2Fwp%2Fv2%2Ftags&post=29908"}],"curies":[{"name":"wp","href":"https:\/\/api.w.org\/{rel}","templated":true}]}}