{"id":29911,"date":"2021-07-19T08:17:07","date_gmt":"2021-07-19T13:17:07","guid":{"rendered":"http:\/\/www.zonaroja.com.mx\/?p=29911"},"modified":"2021-07-19T08:17:09","modified_gmt":"2021-07-19T13:17:09","slug":"opinion-la-4t-oaxaquena-su-dinosaurio-y-su-chiquillada","status":"publish","type":"post","link":"https:\/\/zonaroja.com.mx\/?p=29911","title":{"rendered":"Opini\u00f3n. La 4T oaxaque\u00f1a, su \u201cdinosaurio\u201d y su chiquillada"},"content":{"rendered":"\n<p>Ismael Garc\u00eda M.\/Zona Roja.<\/p>\n\n\n\n<p>Oaxaca de Ju\u00e1rez, Oax., 19 de julio de 2021.- La Cuarta Transformaci\u00f3n no tiene mucha tela de d\u00f3nde cortar, para la gubernatura de Oaxaca. Por eso hay desde perfectos desconocidos e improvisados, personajes grises, oportunistas y hasta \u201cdinosaurios\u201d.<\/p>\n\n\n\n<p>\u00bfConoce a H\u00e9ctor S\u00e1nchez L\u00f3pez? Seguro que los viejos pol\u00edticos y la vieja guardia period\u00edstica de Oaxaca lo conocen y muy bien. Pero para las nuevas generaciones de oaxaque\u00f1os, es un perfecto desconocido.<\/p>\n\n\n\n<p>Es un \u201cdinosaurio\u201d de la pol\u00edtica, que otro s\u00edmil, Manuel Bartlett D\u00edaz, revivi\u00f3 para darle un cargo menor en la Comisi\u00f3n Federal de Electricidad. Y ahora quiere de nuevo ser candidato a gobernador\u2026 por Morena.<\/p>\n\n\n\n<p>Sin m\u00e9rito alguno, m\u00e1s que seguir viviendo del chantaje pol\u00edtico junto con su hermana Gloria S\u00e1nchez L\u00f3pez, H\u00e9ctor es la ant\u00edtesis de la Cuarta Transformaci\u00f3n, pero as\u00ed fue cobijado por los morenistas.<\/p>\n\n\n\n<p>DE ROJO A ORO<\/p>\n\n\n\n<p>S\u00f3lo en su \u00e9poca de juventud &#8211;nadie le niega ese cr\u00e9dito&#8211;, S\u00e1nchez L\u00f3pez impuls\u00f3 la lucha de izquierda, cuando en el pa\u00eds eso estaba prohibido por el PRI.<\/p>\n\n\n\n<p>Fue uno de los fundadores de la Coalici\u00f3n Obrero Campesina Estudiantil del ISTMO (COCEI) \u2013hoy fragmentada y adem\u00e1s pr\u00e1cticamente desaparecida&#8211;, desde donde se impuls\u00f3 importantes y fundamentales luchas de izquierda.<\/p>\n\n\n\n<p>Incluso el extinto pintor Francisco Toledo simpatiz\u00f3 con esa causa y luchas, y las apoy\u00f3.<\/p>\n\n\n\n<p>El Istmo, particularmente Juchit\u00e1n de Zaragoza, fue el basti\u00f3n de la izquierda y ah\u00ed comenzaron las mieles del poder para S\u00e1nchez L\u00f3pez, quien posteriormente se afili\u00f3 al PRD, que lo hizo presidente municipal en el trienio 1989-1992, donde comenz\u00f3 a amedrentar a las autoridades estatales.<\/p>\n\n\n\n<p>De 1994 al a\u00f1o 2000, fue Senador de la Rep\u00fablica y coordinador de la bancada perredista, su \u00e9poca de gloria, en que no hab\u00eda poder humano, ni priista, que no se rindiera a sus pies. Adem\u00e1s, fue diputado federal plurinominal.<\/p>\n\n\n\n<p>\u00c9poca tambi\u00e9n en que amas\u00f3 una importante fortuna y hoy es un pr\u00f3spero empresario de la l\u00ednea de transporte y otras actividades productivas.<\/p>\n\n\n\n<p>Fue candidato a gobernador en dos ocasiones, en 1998 en que fue postulado por el PRD y derrotado Jos\u00e9 Murat, derrota que le signific\u00f3 enormes prebendas.<\/p>\n\n\n\n<p>En el 2004 de nueva cuenta se postul\u00f3 pero ahora por el Partido Unidad Popular de car\u00e1cter y de nueva cuenta fue derrotado por el PRI, ahora con Ulises Ruiz Ortiz.<\/p>\n\n\n\n<p>Como todo priista, ha pasado por todos los cargos, desde presidente municipal, hasta Senador de la Rep\u00fablica, lapso en que amas\u00f3 una importante fortuna y mengu\u00f3 a prop\u00f3sito pol\u00edticamente, para dar paso a su hermana, tambi\u00e9n encumbrada en cargos p\u00fablicos y econ\u00f3micamente.<\/p>\n\n\n\n<p>\u00bfRESURGIMIENTO<\/p>\n\n\n\n<p>Se le despert\u00f3 el gusanito que todo \u201cdinosaurio\u201d lleva adentro y logr\u00f3 un cargo menor en la CFE nacional, con apoyo de Bartlett, pero ahora, por tercera vez, quiere ser gobernador de Oaxaca, sin ninguna posibilidad ni siquiera para ser postulado, por supuesto.<\/p>\n\n\n\n<p>\u201cOaxaca tiene sed de justicia, necesita un buen gobierno, que camine con su pueblo que luche con su pueblo, que haga justicia, creo que es lo que necesitamos. Creo que los oaxaque\u00f1os y oaxaque\u00f1as tenemos la gran oportunidad para cambiar Oaxaca, para transformar Oaxaca.<\/p>\n\n\n\n<p>\u201cVamos todos juntos, unidos y organizados, vamos a hacer de Oaxaca una gran potencia, tenemos todo para hacerlo, paisanas y paisanos, lo \u00fanico que nos falta es un buen gobierno, vamos por ese buen gobierno el pr\u00f3ximo a\u00f1o\u201d, difundi\u00f3 la semana pasada en un video. \u00bfUsted le cree a H\u00e9ctor S\u00e1nchez?<\/p>\n\n\n\n<p>\u00bfY QUI\u00c9N ES ESTEVA?<\/p>\n\n\n\n<p>La fiebre por la postulaci\u00f3n se intensificar\u00e1 en los pr\u00f3ximos d\u00edas, con lo que la ya muy minada fuerza pol\u00edtica de Salom\u00f3n Jara Cruz seguir\u00e1 en declive.<\/p>\n\n\n\n<p>Otro perfecto desconocido que se quiere apuntar es Alberto Esteva Salinas, de gris desempe\u00f1o a su breve paso por la Secretar\u00eda de Seguridad P\u00fablica, en el gobierno de Gabino Cu\u00e9, donde fue pr\u00e1cticamente corrido por los polic\u00edas, debido a sus ineficiencias y a pol\u00edticas de seguridad fallidas.<\/p>\n\n\n\n<p>El ex militante del Partido Convergencia, hoy Movimiento Ciudadano, se fue a refugiar a la Ciudad de M\u00e9xico y de la noche a la ma\u00f1ana ya era morenista.<\/p>\n\n\n\n<p>De la noche a la ma\u00f1ana tambi\u00e9n, tras haber fungido como administrador, se convirti\u00f3 en jefe de la alcald\u00eda \u00c1lvaro Obreg\u00f3n, en suplencia de Layda Sansores, y se sabe poco o nada de lo que ha hecho.<\/p>\n\n\n\n<p>Alejado desde hace muchos a\u00f1os del estado de Oaxaca, ahora pretende regresar a la pol\u00edtica, donde por supuesto ni tiene aliados y mucho menos respaldo de los grupos de Morena; L\u00f3pez Obrador ni siquiera lo conoce.<\/p>\n\n\n\n<p>Como comentamos en columnas anteriores, hasta Benjam\u00edn Robles Montoya se cree aspirante morenista, aunque hace mucho es due\u00f1o \u00fanico del Partido del Trabajo y s\u00f3lo va a presionar para seguir ganando materialmente, aunque pierda pol\u00edticamente. La idea es seguir incrementando el pecunio, solamente.<\/p>\n","protected":false},"excerpt":{"rendered":"<p>Ismael Garc\u00eda M.\/Zona Roja. Oaxaca de Ju\u00e1rez, Oax., 19 de julio de 2021.- La Cuarta&hellip;<\/p>\n","protected":false},"author":2,"featured_media":7610,"comment_status":"closed","ping_status":"open","sticky":false,"template":"","format":"standard","meta":{"_lmt_disableupdate":"","_lmt_disable":"","_jetpack_memberships_contains_paid_content":false,"footnotes":""},"categories":[456,109,48],"tags":[1353],"class_list":["post-29911","post","type-post","status-publish","format-standard","has-post-thumbnail","hentry","category-columna","category-minuto-a-minuto","category-zona-critica","tag-opinion-zona-critica"],"jetpack_featured_media_url":"https:\/\/zonaroja.com.mx\/wp-content\/uploads\/2020\/01\/Opini\u00f3n-Zona-Cr\u00edtica.jpg","jetpack_sharing_enabled":true,"_links":{"self":[{"href":"https:\/\/zonaroja.com.mx\/index.php?rest_route=\/wp\/v2\/posts\/29911","targetHints":{"allow":["GET"]}}],"collection":[{"href":"https:\/\/zonaroja.com.mx\/index.php?rest_route=\/wp\/v2\/posts"}],"about":[{"href":"https:\/\/zonaroja.com.mx\/index.php?rest_route=\/wp\/v2\/types\/post"}],"author":[{"embeddable":true,"href":"https:\/\/zonaroja.com.mx\/index.php?rest_route=\/wp\/v2\/users\/2"}],"replies":[{"embeddable":true,"href":"https:\/\/zonaroja.com.mx\/index.php?rest_route=%2Fwp%2Fv2%2Fcomments&post=29911"}],"version-history":[{"count":1,"href":"https:\/\/zonaroja.com.mx\/index.php?rest_route=\/wp\/v2\/posts\/29911\/revisions"}],"predecessor-version":[{"id":29912,"href":"https:\/\/zonaroja.com.mx\/index.php?rest_route=\/wp\/v2\/posts\/29911\/revisions\/29912"}],"wp:featuredmedia":[{"embeddable":true,"href":"https:\/\/zonaroja.com.mx\/index.php?rest_route=\/wp\/v2\/media\/7610"}],"wp:attachment":[{"href":"https:\/\/zonaroja.com.mx\/index.php?rest_route=%2Fwp%2Fv2%2Fmedia&parent=29911"}],"wp:term":[{"taxonomy":"category","embeddable":true,"href":"https:\/\/zonaroja.com.mx\/index.php?rest_route=%2Fwp%2Fv2%2Fcategories&post=29911"},{"taxonomy":"post_tag","embeddable":true,"href":"https:\/\/zonaroja.com.mx\/index.php?rest_route=%2Fwp%2Fv2%2Ftags&post=29911"}],"curies":[{"name":"wp","href":"https:\/\/api.w.org\/{rel}","templated":true}]}}