{"id":29913,"date":"2021-07-19T08:32:06","date_gmt":"2021-07-19T13:32:06","guid":{"rendered":"http:\/\/www.zonaroja.com.mx\/?p=29913"},"modified":"2021-07-19T08:34:53","modified_gmt":"2021-07-19T13:34:53","slug":"recrudecen-protestas-en-los-sso-engana-secretario-a-arrendatarios","status":"publish","type":"post","link":"https:\/\/zonaroja.com.mx\/?p=29913","title":{"rendered":"Recrudecen protestas en los SSO; enga\u00f1a secretario a arrendatarios"},"content":{"rendered":"\n<p>Ismael Garc\u00eda M.\/Zona Roja.<\/p>\n\n\n\n<p>Oaxaca de Ju\u00e1rez, Oax., 19 de julio de 2021.- Las protestas se incrementaron este lunes en los Servicios de Salud de Oaxaca (SSO), ante la nula atenci\u00f3n a demandas de trabajadores y hasta de arrendatarios.<\/p>\n\n\n\n<p>La ma\u00f1ana de hoy, personal de la Jurisdicci\u00f3n Sanitaria 1 Valles Centrales, \u201ctom\u00f3\u201d las oficinas en la capital para denunciar falta de materiales y equipos, mientras el administrador Manuel Santiago Luis gasta hasta para sus bienes personales.<\/p>\n\n\n\n<p>Adem\u00e1s, pago de vi\u00e1ticos y combustible, pendientes desde el a\u00f1o 2020; reparaci\u00f3n de unidades de motor que utilizan para el trabajo; espacio laboral digno, entre otras peticiones.<\/p>\n\n\n\n<p>Mientras tanto, la Jurisdicci\u00f3n Sanitaria Sierra, con sede en Tlacolula de Matamoros, tambi\u00e9n inicia ma\u00f1ana una jornada de movilizaciones, por desabasto de equipos de protecci\u00f3n, insumos y medicamentos.<\/p>\n\n\n\n<p>Tambi\u00e9n, por infraestructura en p\u00e9simas condiciones y adeudos a trabajadores, por lo cual dejar\u00e1n sin atenci\u00f3n a al menos 300 centros de salud de 60 municipios que atienden.<\/p>\n\n\n\n<figure class=\"wp-block-embed-twitter wp-block-embed is-type-rich is-provider-twitter\"><div class=\"wp-block-embed__wrapper\">\n<div class=\"twitter-tweet\"><blockquote class=\"twitter-tweet\" data-lang=\"es\"><p lang=\"es\" dir=\"ltr\"><a href=\"https:\/\/twitter.com\/hashtag\/%C3%9AltimoMinuto?src=hash&amp;ref_src=twsrc%5Etfw\">#\u00daltimoMinuto<\/a> <br>Inicia otra semana de protestas en los <a href=\"https:\/\/twitter.com\/SSO_GobOax?ref_src=twsrc%5Etfw\">@SSO_GobOax<\/a>, por incompetencia del titular <a href=\"https:\/\/twitter.com\/JC_MarquezH?ref_src=twsrc%5Etfw\">@JC_MarquezH<\/a>. <br>Jurisdicciones sanitarias Valles y Sierra paran labores. <br>Mantienen protesta arrendatarios. <a href=\"https:\/\/t.co\/1Bdufsn6B0\">pic.twitter.com\/1Bdufsn6B0<\/a><\/p>&mdash; Zona Roja Oaxaca (@Zona_Roja_Oax) <a href=\"https:\/\/twitter.com\/Zona_Roja_Oax\/status\/1417109248765480960?ref_src=twsrc%5Etfw\">19 de julio de 2021<\/a><\/blockquote><\/div>\n<\/div><\/figure>\n\n\n\n<p>TAMBI\u00c9N ARRENDATARIOS<\/p>\n\n\n\n<p>Mientras tanto, los due\u00f1os de inmuebles a quienes los Servicios de Salud no pagan renta desde hace m\u00e1s de medio a\u00f1o, mantienen este lunes su protesta y \u201ctoma\u201d de algunos edificios, que iniciaron el martes de la semana pasada.<\/p>\n\n\n\n<p>Seg\u00fan quien dijo llamarse Julio Espinosa, tras iniciar la exigencia, fueron llamados por el titular de los SSO, Juan Carlos M\u00e1rquez Heine, quien se comprometi\u00f3 a pagarles.<\/p>\n\n\n\n<p>Adem\u00e1s, les hizo firmar nuevos contratos de arrendamiento, pero sin entregarles una copia. A la fecha, ning\u00fan pago ha sido liberado, pese a la promesa.<\/p>\n\n\n\n<p>Instalados en la oficina de Direcci\u00f3n de Planeaci\u00f3n, en la colonia Reforma, uno de los afectados expuso que la situaci\u00f3n sigue siendo la misma en la capital y en Puerto Escondido, en Salina Cruz, as\u00ed como en la Cuenca.<\/p>\n\n\n\n<p>\u201cAqu\u00ed vamos a continuar hasta que nos paguen, son siete meses que no nos han pagado; no hay monto espec\u00edfico porque son asuntos de cada arrendatario\u201d, manifest\u00f3.<\/p>\n\n\n\n<p>Por otra parte, este lunes, trabajadores sindicalizados del Hospital Civil \u00abDr. Aurelio Valdivieso\u00bb mantienen su exigencia de dotaci\u00f3n de insumos, medicamentos y materiales de trabajo; el martes pasado iniciaron un paro parcial de labores con bloqueo a la calzada Porfirio D\u00edaz, mismo que prev\u00e9n reanudar hoy.<\/p>\n\n\n\n<figure class=\"wp-block-embed-twitter wp-block-embed is-type-rich is-provider-twitter\"><div class=\"wp-block-embed__wrapper\">\n<div class=\"twitter-tweet\"><blockquote class=\"twitter-tweet\" data-lang=\"es\"><p lang=\"es\" dir=\"ltr\">Los Servicios de Salud de Oaxaca (<a href=\"https:\/\/twitter.com\/SSO_GobOax?ref_src=twsrc%5Etfw\">@SSO_GobOax<\/a>) enga\u00f1aron a los arrendatarios, que desde el pasado martes cerraron algunos inmuebles debido a que no les pagan desde hace siete meses la renta; les hicieron firmar nuevo contrato, pero siguen sin liquidarles adeudos. <a href=\"https:\/\/t.co\/03dfDyAdYc\">pic.twitter.com\/03dfDyAdYc<\/a><\/p>&mdash; Zona Roja Oaxaca (@Zona_Roja_Oax) <a href=\"https:\/\/twitter.com\/Zona_Roja_Oax\/status\/1416927784325328898?ref_src=twsrc%5Etfw\">19 de julio de 2021<\/a><\/blockquote><\/div>\n<\/div><\/figure>\n","protected":false},"excerpt":{"rendered":"<p>Ismael Garc\u00eda M.\/Zona Roja. Oaxaca de Ju\u00e1rez, Oax., 19 de julio de 2021.- Las protestas&hellip;<\/p>\n","protected":false},"author":2,"featured_media":29914,"comment_status":"closed","ping_status":"open","sticky":false,"template":"","format":"standard","meta":{"_lmt_disableupdate":"","_lmt_disable":"","_jetpack_memberships_contains_paid_content":false,"footnotes":""},"categories":[109,47],"tags":[1005],"class_list":["post-29913","post","type-post","status-publish","format-standard","has-post-thumbnail","hentry","category-minuto-a-minuto","category-zona-gris","tag-servicios-de-salud-de-oaxaca-sso"],"jetpack_featured_media_url":"https:\/\/zonaroja.com.mx\/wp-content\/uploads\/2021\/07\/Protesta-Salud-arrendatarios.jpg","jetpack_sharing_enabled":true,"_links":{"self":[{"href":"https:\/\/zonaroja.com.mx\/index.php?rest_route=\/wp\/v2\/posts\/29913","targetHints":{"allow":["GET"]}}],"collection":[{"href":"https:\/\/zonaroja.com.mx\/index.php?rest_route=\/wp\/v2\/posts"}],"about":[{"href":"https:\/\/zonaroja.com.mx\/index.php?rest_route=\/wp\/v2\/types\/post"}],"author":[{"embeddable":true,"href":"https:\/\/zonaroja.com.mx\/index.php?rest_route=\/wp\/v2\/users\/2"}],"replies":[{"embeddable":true,"href":"https:\/\/zonaroja.com.mx\/index.php?rest_route=%2Fwp%2Fv2%2Fcomments&post=29913"}],"version-history":[{"count":2,"href":"https:\/\/zonaroja.com.mx\/index.php?rest_route=\/wp\/v2\/posts\/29913\/revisions"}],"predecessor-version":[{"id":29917,"href":"https:\/\/zonaroja.com.mx\/index.php?rest_route=\/wp\/v2\/posts\/29913\/revisions\/29917"}],"wp:featuredmedia":[{"embeddable":true,"href":"https:\/\/zonaroja.com.mx\/index.php?rest_route=\/wp\/v2\/media\/29914"}],"wp:attachment":[{"href":"https:\/\/zonaroja.com.mx\/index.php?rest_route=%2Fwp%2Fv2%2Fmedia&parent=29913"}],"wp:term":[{"taxonomy":"category","embeddable":true,"href":"https:\/\/zonaroja.com.mx\/index.php?rest_route=%2Fwp%2Fv2%2Fcategories&post=29913"},{"taxonomy":"post_tag","embeddable":true,"href":"https:\/\/zonaroja.com.mx\/index.php?rest_route=%2Fwp%2Fv2%2Ftags&post=29913"}],"curies":[{"name":"wp","href":"https:\/\/api.w.org\/{rel}","templated":true}]}}